{"id":8812,"date":"2026-08-30T23:06:45","date_gmt":"2026-08-30T21:06:45","guid":{"rendered":"https:\/\/hopo.ch\/?p=8812"},"modified":"2026-08-30T23:07:10","modified_gmt":"2026-08-30T21:07:10","slug":"zurueck-in-thun","status":"publish","type":"post","link":"https:\/\/hopo.ch\/?p=8812","title":{"rendered":"Zur\u00fcck in Thun"},"content":{"rendered":"\n<figure class=\"wp-block-image size-large\"><img loading=\"lazy\" decoding=\"async\" width=\"1024\" height=\"766\" src=\"https:\/\/hopo.ch\/wp-content\/uploads\/2026\/08\/2026-08-30d-Thun-Rathausplatz-und-Schloss-1024x766.jpg\" alt=\"\" class=\"wp-image-8813\" srcset=\"https:\/\/hopo.ch\/wp-content\/uploads\/2026\/08\/2026-08-30d-Thun-Rathausplatz-und-Schloss-1024x766.jpg 1024w, https:\/\/hopo.ch\/wp-content\/uploads\/2026\/08\/2026-08-30d-Thun-Rathausplatz-und-Schloss-300x224.jpg 300w, https:\/\/hopo.ch\/wp-content\/uploads\/2026\/08\/2026-08-30d-Thun-Rathausplatz-und-Schloss-768x574.jpg 768w, https:\/\/hopo.ch\/wp-content\/uploads\/2026\/08\/2026-08-30d-Thun-Rathausplatz-und-Schloss-1536x1148.jpg 1536w, https:\/\/hopo.ch\/wp-content\/uploads\/2026\/08\/2026-08-30d-Thun-Rathausplatz-und-Schloss.jpg 1605w\" sizes=\"auto, (max-width: 1024px) 100vw, 1024px\" \/><\/figure>\n\n\n<div class=\"wp-block-image\">\n<figure class=\"alignleft size-full is-resized\"><img loading=\"lazy\" decoding=\"async\" width=\"445\" height=\"353\" src=\"https:\/\/hopo.ch\/wp-content\/uploads\/2026\/08\/Flagge-Schweiz-21.jpg\" alt=\"\" class=\"wp-image-8814\" style=\"width:70px;height:auto\" srcset=\"https:\/\/hopo.ch\/wp-content\/uploads\/2026\/08\/Flagge-Schweiz-21.jpg 445w, https:\/\/hopo.ch\/wp-content\/uploads\/2026\/08\/Flagge-Schweiz-21-300x238.jpg 300w\" sizes=\"auto, (max-width: 445px) 100vw, 445px\" \/><\/figure>\n<\/div>\n\n\n<p class=\"has-medium-font-size wp-block-paragraph\">30. August 2026 \/ Schweiz \/ Thun \/ Rathausplatz und Schloss<br><\/p>\n\n\n\n<p class=\"has-small-font-size wp-block-paragraph\">Trotz m\u00fcder, \u00fcbers\u00e4uerter Beine liessen wir es uns nicht nehmen, nach der Schifffahrt noch einen kurzen Bummel durch die Thuner Altstadt zu unternehmen. F\u00fcr mich pers\u00f6nlich z\u00e4hlt Thun zu den sch\u00f6nsten St\u00e4dten in der Schweiz. Thun besitzt eine tolle Altstadt, zwei eindr\u00fcckliche Schl\u00f6sser, liegt direkt am pr\u00e4chtigen Thunersee, wird von der Aare durchflossen und befindet sich direkt am Rande der eindr\u00fccklichen Bergwelt des Berner Oberlands. Und Thun wird nicht derart stark von Touristenscharen eingenommen wie etliche andere Hotspots im Berner Oberland (Interlaken, Grindelwald, Wengen, Gstaad und andere lassen gr\u00fcssen). Eine so hohe Lebensqualit\u00e4t wie hier findet man nicht so rasch wieder. Thun ist so sch\u00f6n, dass sich selbst m\u00fcde Beine wieder in Bewegung setzen lassen, die eigentlich nichts sehnlicher w\u00fcnschen, als geduscht und hochgelagert zu werden.<\/p>\n","protected":false},"excerpt":{"rendered":"<p>30. August 2026 \/ Schweiz \/ Thun \/ Rathausplatz und Schloss Trotz m\u00fcder, \u00fcbers\u00e4uerter Beine liessen wir es uns nicht nehmen, nach der Schifffahrt noch einen kurzen Bummel durch die Thuner Altstadt zu unternehmen. F\u00fcr mich pers\u00f6nlich z\u00e4hlt Thun zu den sch\u00f6nsten St\u00e4dten in der Schweiz. Thun besitzt eine tolle Altstadt, zwei eindr\u00fcckliche Schl\u00f6sser, liegt &hellip; <a href=\"https:\/\/hopo.ch\/?p=8812\" class=\"more-link\"><span class=\"screen-reader-text\">Zur\u00fcck in Thun<\/span> weiterlesen<\/a><\/p>\n","protected":false},"author":1,"featured_media":0,"comment_status":"open","ping_status":"open","sticky":false,"template":"","format":"standard","meta":{"_jetpack_newsletter_access":"","_jetpack_dont_email_post_to_subs":false,"_jetpack_newsletter_tier_id":0,"_jetpack_memberships_contains_paywalled_content":false,"_jetpack_feature_clip_id":0,"_jetpack_memberships_contains_paid_content":false,"footnotes":"","jetpack_post_was_ever_published":false},"categories":[2195],"tags":[2203],"class_list":["post-8812","post","type-post","status-publish","format-standard","hentry","category-schweiz-2026","tag-hopo-schweiz-thun-rathausplatz-und-schloss"],"jetpack_featured_media_url":"","jetpack_sharing_enabled":true,"_links":{"self":[{"href":"https:\/\/hopo.ch\/index.php?rest_route=\/wp\/v2\/posts\/8812","targetHints":{"allow":["GET"]}}],"collection":[{"href":"https:\/\/hopo.ch\/index.php?rest_route=\/wp\/v2\/posts"}],"about":[{"href":"https:\/\/hopo.ch\/index.php?rest_route=\/wp\/v2\/types\/post"}],"author":[{"embeddable":true,"href":"https:\/\/hopo.ch\/index.php?rest_route=\/wp\/v2\/users\/1"}],"replies":[{"embeddable":true,"href":"https:\/\/hopo.ch\/index.php?rest_route=%2Fwp%2Fv2%2Fcomments&post=8812"}],"version-history":[{"count":1,"href":"https:\/\/hopo.ch\/index.php?rest_route=\/wp\/v2\/posts\/8812\/revisions"}],"predecessor-version":[{"id":8815,"href":"https:\/\/hopo.ch\/index.php?rest_route=\/wp\/v2\/posts\/8812\/revisions\/8815"}],"wp:attachment":[{"href":"https:\/\/hopo.ch\/index.php?rest_route=%2Fwp%2Fv2%2Fmedia&parent=8812"}],"wp:term":[{"taxonomy":"category","embeddable":true,"href":"https:\/\/hopo.ch\/index.php?rest_route=%2Fwp%2Fv2%2Fcategories&post=8812"},{"taxonomy":"post_tag","embeddable":true,"href":"https:\/\/hopo.ch\/index.php?rest_route=%2Fwp%2Fv2%2Ftags&post=8812"}],"curies":[{"name":"wp","href":"https:\/\/api.w.org\/{rel}","templated":true}]}}