{"id":8797,"date":"2026-08-30T22:58:47","date_gmt":"2026-08-30T20:58:47","guid":{"rendered":"https:\/\/hopo.ch\/?p=8797"},"modified":"2026-08-30T23:00:01","modified_gmt":"2026-08-30T21:00:01","slug":"panorama-rundweg-thunersee","status":"publish","type":"post","link":"https:\/\/hopo.ch\/?p=8797","title":{"rendered":"Panorama-Rundweg Thunersee"},"content":{"rendered":"\n<figure class=\"wp-block-image size-large\"><img loading=\"lazy\" decoding=\"async\" width=\"1024\" height=\"660\" src=\"https:\/\/hopo.ch\/wp-content\/uploads\/2026\/08\/2026-08-30b-Oberhofen-Thunersee-und-Stockhornkette-1024x660.jpg\" alt=\"\" class=\"wp-image-8798\" srcset=\"https:\/\/hopo.ch\/wp-content\/uploads\/2026\/08\/2026-08-30b-Oberhofen-Thunersee-und-Stockhornkette-1024x660.jpg 1024w, https:\/\/hopo.ch\/wp-content\/uploads\/2026\/08\/2026-08-30b-Oberhofen-Thunersee-und-Stockhornkette-300x193.jpg 300w, https:\/\/hopo.ch\/wp-content\/uploads\/2026\/08\/2026-08-30b-Oberhofen-Thunersee-und-Stockhornkette-767x494.jpg 767w, https:\/\/hopo.ch\/wp-content\/uploads\/2026\/08\/2026-08-30b-Oberhofen-Thunersee-und-Stockhornkette-1536x989.jpg 1536w, https:\/\/hopo.ch\/wp-content\/uploads\/2026\/08\/2026-08-30b-Oberhofen-Thunersee-und-Stockhornkette.jpg 1863w\" sizes=\"auto, (max-width: 1024px) 100vw, 1024px\" \/><\/figure>\n\n\n<div class=\"wp-block-image\">\n<figure class=\"alignleft size-full is-resized\"><img loading=\"lazy\" decoding=\"async\" width=\"445\" height=\"353\" src=\"https:\/\/hopo.ch\/wp-content\/uploads\/2026\/08\/Flagge-Schweiz-19.jpg\" alt=\"\" class=\"wp-image-8799\" style=\"width:70px;height:auto\" srcset=\"https:\/\/hopo.ch\/wp-content\/uploads\/2026\/08\/Flagge-Schweiz-19.jpg 445w, https:\/\/hopo.ch\/wp-content\/uploads\/2026\/08\/Flagge-Schweiz-19-300x238.jpg 300w\" sizes=\"auto, (max-width: 445px) 100vw, 445px\" \/><\/figure>\n<\/div>\n\n\n<p class=\"has-medium-font-size wp-block-paragraph\">30. August 2026 \/ Schweiz \/ Oberhofen \/ Thunersee und Stockhornkette<\/p>\n\n\n\n<p class=\"has-small-font-size wp-block-paragraph\">Auf unserer heutigen Wanderung waren wir auf dem Panorama-Rundweg Thunersee unterwegs. Diese Wanderung, die gesamthaft rund 60 Kilometer lang ist und als mittelschwer eingestuft wird, f\u00fchrt rund um den Thunersee. Wir waren heute am rechten Thunerseeufer unterwegs und haben die Strecke von Thun bis nach Merligen bew\u00e4ltigt. Wie es der Name vermuten l\u00e4sst, f\u00fchrt der Wanderweg nicht dem Seeufer entlang, sondern verl\u00e4uft in der H\u00f6he. Krasse Steigungen gibt es nicht zu bew\u00e4ltigen. Da es aber doch stetig bergauf- und bergab geht, kommen auf einer Tagesetappe doch einige hundert H\u00f6henmeter zusammen. Der Weg f\u00fchrt meist durch W\u00e4lder oder Ortschaften, so dass die Ausblicke auf den See und die Gebirgswelt &#8211; diese reicht von den Berner Drei- und Viertausendern \u00fcber den omnipr\u00e4senten Niesen bis zur Stockhornkette &#8211; eher etwas rar sind. Dort, wo der Blick aber frei ist, bekommt man ein \u00fcberw\u00e4ltigend sch\u00f6nes Panorama zu sehen, wie etwa hier hoch \u00fcber Oberhofen.<\/p>\n","protected":false},"excerpt":{"rendered":"<p>30. August 2026 \/ Schweiz \/ Oberhofen \/ Thunersee und Stockhornkette Auf unserer heutigen Wanderung waren wir auf dem Panorama-Rundweg Thunersee unterwegs. Diese Wanderung, die gesamthaft rund 60 Kilometer lang ist und als mittelschwer eingestuft wird, f\u00fchrt rund um den Thunersee. Wir waren heute am rechten Thunerseeufer unterwegs und haben die Strecke von Thun bis &hellip; <a href=\"https:\/\/hopo.ch\/?p=8797\" class=\"more-link\"><span class=\"screen-reader-text\">Panorama-Rundweg Thunersee<\/span> weiterlesen<\/a><\/p>\n","protected":false},"author":1,"featured_media":0,"comment_status":"open","ping_status":"open","sticky":false,"template":"","format":"standard","meta":{"_jetpack_newsletter_access":"","_jetpack_dont_email_post_to_subs":false,"_jetpack_newsletter_tier_id":0,"_jetpack_memberships_contains_paywalled_content":false,"_jetpack_feature_clip_id":0,"_jetpack_memberships_contains_paid_content":false,"footnotes":"","jetpack_post_was_ever_published":false},"categories":[2195],"tags":[2201],"class_list":["post-8797","post","type-post","status-publish","format-standard","hentry","category-schweiz-2026","tag-hopo-schweiz-oberhofen-thunersee-und-stockhornkette"],"jetpack_featured_media_url":"","jetpack_sharing_enabled":true,"_links":{"self":[{"href":"https:\/\/hopo.ch\/index.php?rest_route=\/wp\/v2\/posts\/8797","targetHints":{"allow":["GET"]}}],"collection":[{"href":"https:\/\/hopo.ch\/index.php?rest_route=\/wp\/v2\/posts"}],"about":[{"href":"https:\/\/hopo.ch\/index.php?rest_route=\/wp\/v2\/types\/post"}],"author":[{"embeddable":true,"href":"https:\/\/hopo.ch\/index.php?rest_route=\/wp\/v2\/users\/1"}],"replies":[{"embeddable":true,"href":"https:\/\/hopo.ch\/index.php?rest_route=%2Fwp%2Fv2%2Fcomments&post=8797"}],"version-history":[{"count":1,"href":"https:\/\/hopo.ch\/index.php?rest_route=\/wp\/v2\/posts\/8797\/revisions"}],"predecessor-version":[{"id":8800,"href":"https:\/\/hopo.ch\/index.php?rest_route=\/wp\/v2\/posts\/8797\/revisions\/8800"}],"wp:attachment":[{"href":"https:\/\/hopo.ch\/index.php?rest_route=%2Fwp%2Fv2%2Fmedia&parent=8797"}],"wp:term":[{"taxonomy":"category","embeddable":true,"href":"https:\/\/hopo.ch\/index.php?rest_route=%2Fwp%2Fv2%2Fcategories&post=8797"},{"taxonomy":"post_tag","embeddable":true,"href":"https:\/\/hopo.ch\/index.php?rest_route=%2Fwp%2Fv2%2Ftags&post=8797"}],"curies":[{"name":"wp","href":"https:\/\/api.w.org\/{rel}","templated":true}]}}