{"id":857,"date":"2024-07-29T23:27:20","date_gmt":"2024-07-29T21:27:20","guid":{"rendered":"https:\/\/hopo.ch\/?p=857"},"modified":"2024-07-29T23:27:56","modified_gmt":"2024-07-29T21:27:56","slug":"stylische-schafe","status":"publish","type":"post","link":"https:\/\/hopo.ch\/?p=857","title":{"rendered":"Stylische Schafe"},"content":{"rendered":"\n<figure class=\"wp-block-image size-large is-resized\"><img loading=\"lazy\" decoding=\"async\" width=\"1024\" height=\"649\" src=\"https:\/\/hopo.ch\/wp-content\/uploads\/2024\/07\/2024-07-29d-Malin-Beg-1024x649.jpg\" alt=\"\" class=\"wp-image-858\" style=\"width:700px\" srcset=\"https:\/\/hopo.ch\/wp-content\/uploads\/2024\/07\/2024-07-29d-Malin-Beg-1024x649.jpg 1024w, https:\/\/hopo.ch\/wp-content\/uploads\/2024\/07\/2024-07-29d-Malin-Beg-300x190.jpg 300w, https:\/\/hopo.ch\/wp-content\/uploads\/2024\/07\/2024-07-29d-Malin-Beg-768x487.jpg 768w, https:\/\/hopo.ch\/wp-content\/uploads\/2024\/07\/2024-07-29d-Malin-Beg.jpg 1211w\" sizes=\"auto, (max-width: 1024px) 100vw, 1024px\" \/><\/figure>\n\n\n<div class=\"wp-block-image\">\n<figure class=\"alignleft size-full is-resized\"><img loading=\"lazy\" decoding=\"async\" width=\"447\" height=\"353\" src=\"https:\/\/hopo.ch\/wp-content\/uploads\/2024\/07\/000-Flagge-Irland-43.jpg\" alt=\"\" class=\"wp-image-859\" style=\"width:70px\" srcset=\"https:\/\/hopo.ch\/wp-content\/uploads\/2024\/07\/000-Flagge-Irland-43.jpg 447w, https:\/\/hopo.ch\/wp-content\/uploads\/2024\/07\/000-Flagge-Irland-43-300x237.jpg 300w\" sizes=\"auto, (max-width: 447px) 100vw, 447px\" \/><\/figure>\n<\/div>\n\n\n<p class=\"has-medium-font-size\">29. Juli 2024 \/ Irland \/ Malin Beg<br><\/p>\n\n\n\n<p class=\"has-small-font-size\">Wie ich bereits einmal geschrieben habe, sind die meisten Schafe in Irland farbig gekennzeichnet. Und das recht auff\u00e4llig. Am meisten sieht man rot und blau, teilweise auch violett oder gr\u00fcn. Dass die Schafe vom Hals bis zum Schwanz vollst\u00e4ndig eingef\u00e4rbt sind, haben wir heute zu ersten Mal gesehen. Sieht komisch aus. Eigentlich sollten doch auch diese Schafe allm\u00e4hlich merken, dass die Fussball-EM vorbei und Holland l\u00e4ngst ausgeschieden ist.<\/p>\n\n\n\n<p><\/p>\n","protected":false},"excerpt":{"rendered":"<p>29. Juli 2024 \/ Irland \/ Malin Beg Wie ich bereits einmal geschrieben habe, sind die meisten Schafe in Irland farbig gekennzeichnet. Und das recht auff\u00e4llig. Am meisten sieht man rot und blau, teilweise auch violett oder gr\u00fcn. Dass die Schafe vom Hals bis zum Schwanz vollst\u00e4ndig eingef\u00e4rbt sind, haben wir heute zu ersten Mal &hellip; <a href=\"https:\/\/hopo.ch\/?p=857\" class=\"more-link\"><span class=\"screen-reader-text\">Stylische Schafe<\/span> weiterlesen<\/a><\/p>\n","protected":false},"author":1,"featured_media":0,"comment_status":"open","ping_status":"open","sticky":false,"template":"","format":"standard","meta":{"_jetpack_memberships_contains_paid_content":false,"footnotes":""},"categories":[25],"tags":[64,16,93],"class_list":["post-857","post","type-post","status-publish","format-standard","hentry","category-2024-irland","tag-hopo","tag-kurt-gfeller","tag-malin-beg-irland"],"jetpack_featured_media_url":"","jetpack_sharing_enabled":true,"_links":{"self":[{"href":"https:\/\/hopo.ch\/index.php?rest_route=\/wp\/v2\/posts\/857","targetHints":{"allow":["GET"]}}],"collection":[{"href":"https:\/\/hopo.ch\/index.php?rest_route=\/wp\/v2\/posts"}],"about":[{"href":"https:\/\/hopo.ch\/index.php?rest_route=\/wp\/v2\/types\/post"}],"author":[{"embeddable":true,"href":"https:\/\/hopo.ch\/index.php?rest_route=\/wp\/v2\/users\/1"}],"replies":[{"embeddable":true,"href":"https:\/\/hopo.ch\/index.php?rest_route=%2Fwp%2Fv2%2Fcomments&post=857"}],"version-history":[{"count":1,"href":"https:\/\/hopo.ch\/index.php?rest_route=\/wp\/v2\/posts\/857\/revisions"}],"predecessor-version":[{"id":860,"href":"https:\/\/hopo.ch\/index.php?rest_route=\/wp\/v2\/posts\/857\/revisions\/860"}],"wp:attachment":[{"href":"https:\/\/hopo.ch\/index.php?rest_route=%2Fwp%2Fv2%2Fmedia&parent=857"}],"wp:term":[{"taxonomy":"category","embeddable":true,"href":"https:\/\/hopo.ch\/index.php?rest_route=%2Fwp%2Fv2%2Fcategories&post=857"},{"taxonomy":"post_tag","embeddable":true,"href":"https:\/\/hopo.ch\/index.php?rest_route=%2Fwp%2Fv2%2Ftags&post=857"}],"curies":[{"name":"wp","href":"https:\/\/api.w.org\/{rel}","templated":true}]}}