{"id":853,"date":"2024-07-29T23:23:36","date_gmt":"2024-07-29T21:23:36","guid":{"rendered":"https:\/\/hopo.ch\/?p=853"},"modified":"2024-07-29T23:24:22","modified_gmt":"2024-07-29T21:24:22","slug":"silver-strand-zum-zweiten","status":"publish","type":"post","link":"https:\/\/hopo.ch\/?p=853","title":{"rendered":"Silver Strand zum zweiten"},"content":{"rendered":"\n<figure class=\"wp-block-image size-large is-resized\"><img loading=\"lazy\" decoding=\"async\" width=\"1024\" height=\"630\" src=\"https:\/\/hopo.ch\/wp-content\/uploads\/2024\/07\/2024-07-29c-Malin-Beg-Silver-Strand-1024x630.jpg\" alt=\"\" class=\"wp-image-854\" style=\"width:700px\" srcset=\"https:\/\/hopo.ch\/wp-content\/uploads\/2024\/07\/2024-07-29c-Malin-Beg-Silver-Strand-1024x630.jpg 1024w, https:\/\/hopo.ch\/wp-content\/uploads\/2024\/07\/2024-07-29c-Malin-Beg-Silver-Strand-300x184.jpg 300w, https:\/\/hopo.ch\/wp-content\/uploads\/2024\/07\/2024-07-29c-Malin-Beg-Silver-Strand-768x472.jpg 768w, https:\/\/hopo.ch\/wp-content\/uploads\/2024\/07\/2024-07-29c-Malin-Beg-Silver-Strand.jpg 1249w\" sizes=\"auto, (max-width: 1024px) 100vw, 1024px\" \/><\/figure>\n\n\n<div class=\"wp-block-image\">\n<figure class=\"alignleft size-full is-resized\"><img loading=\"lazy\" decoding=\"async\" width=\"447\" height=\"353\" src=\"https:\/\/hopo.ch\/wp-content\/uploads\/2024\/07\/000-Flagge-Irland-42.jpg\" alt=\"\" class=\"wp-image-855\" style=\"width:70px\" srcset=\"https:\/\/hopo.ch\/wp-content\/uploads\/2024\/07\/000-Flagge-Irland-42.jpg 447w, https:\/\/hopo.ch\/wp-content\/uploads\/2024\/07\/000-Flagge-Irland-42-300x237.jpg 300w\" sizes=\"auto, (max-width: 447px) 100vw, 447px\" \/><\/figure>\n<\/div>\n\n\n<p class=\"has-medium-font-size\">29. Juli 2024 \/ Irland \/ Malin Beg \/ Silver Strand<br><\/p>\n\n\n\n<p class=\"has-small-font-size\">Man soll den Tag nicht vor dem Abend abschreiben. Besonders nicht hier oben im Norden, wo das Wetter recht schnell \u00e4ndern kann. Wenn es denn will. Und heute wollte es. Nach einem doch recht tr\u00fcben Tag \u00f6ffnete sich der Himmel am Abend und wir durften noch einige sch\u00f6ne Sonnenstunden geniessen. Der Silver Strand und die ihn umgebende Bucht sehen so noch sch\u00f6ner aus.<\/p>\n\n\n\n<p><\/p>\n","protected":false},"excerpt":{"rendered":"<p>29. Juli 2024 \/ Irland \/ Malin Beg \/ Silver Strand Man soll den Tag nicht vor dem Abend abschreiben. Besonders nicht hier oben im Norden, wo das Wetter recht schnell \u00e4ndern kann. Wenn es denn will. Und heute wollte es. Nach einem doch recht tr\u00fcben Tag \u00f6ffnete sich der Himmel am Abend und wir &hellip; <a href=\"https:\/\/hopo.ch\/?p=853\" class=\"more-link\"><span class=\"screen-reader-text\">Silver Strand zum zweiten<\/span> weiterlesen<\/a><\/p>\n","protected":false},"author":1,"featured_media":0,"comment_status":"open","ping_status":"open","sticky":false,"template":"","format":"standard","meta":{"_jetpack_memberships_contains_paid_content":false,"footnotes":""},"categories":[25],"tags":[64,63,16,91,92],"class_list":["post-853","post","type-post","status-publish","format-standard","hentry","category-2024-irland","tag-hopo","tag-irland","tag-kurt-gfeller","tag-malin-beg","tag-silver-strand"],"jetpack_featured_media_url":"","jetpack_sharing_enabled":true,"_links":{"self":[{"href":"https:\/\/hopo.ch\/index.php?rest_route=\/wp\/v2\/posts\/853","targetHints":{"allow":["GET"]}}],"collection":[{"href":"https:\/\/hopo.ch\/index.php?rest_route=\/wp\/v2\/posts"}],"about":[{"href":"https:\/\/hopo.ch\/index.php?rest_route=\/wp\/v2\/types\/post"}],"author":[{"embeddable":true,"href":"https:\/\/hopo.ch\/index.php?rest_route=\/wp\/v2\/users\/1"}],"replies":[{"embeddable":true,"href":"https:\/\/hopo.ch\/index.php?rest_route=%2Fwp%2Fv2%2Fcomments&post=853"}],"version-history":[{"count":1,"href":"https:\/\/hopo.ch\/index.php?rest_route=\/wp\/v2\/posts\/853\/revisions"}],"predecessor-version":[{"id":856,"href":"https:\/\/hopo.ch\/index.php?rest_route=\/wp\/v2\/posts\/853\/revisions\/856"}],"wp:attachment":[{"href":"https:\/\/hopo.ch\/index.php?rest_route=%2Fwp%2Fv2%2Fmedia&parent=853"}],"wp:term":[{"taxonomy":"category","embeddable":true,"href":"https:\/\/hopo.ch\/index.php?rest_route=%2Fwp%2Fv2%2Fcategories&post=853"},{"taxonomy":"post_tag","embeddable":true,"href":"https:\/\/hopo.ch\/index.php?rest_route=%2Fwp%2Fv2%2Ftags&post=853"}],"curies":[{"name":"wp","href":"https:\/\/api.w.org\/{rel}","templated":true}]}}