{"id":7092,"date":"2026-01-31T20:48:26","date_gmt":"2026-01-31T18:48:26","guid":{"rendered":"https:\/\/hopo.ch\/?p=7092"},"modified":"2026-02-01T19:50:45","modified_gmt":"2026-02-01T17:50:45","slug":"edirne","status":"publish","type":"post","link":"https:\/\/hopo.ch\/?p=7092","title":{"rendered":"Edirne"},"content":{"rendered":"\n<figure class=\"wp-block-image size-large\"><img loading=\"lazy\" decoding=\"async\" width=\"1024\" height=\"727\" src=\"https:\/\/hopo.ch\/wp-content\/uploads\/2026\/01\/2026-01-31b-Edirne-Selimiye-Moschee-1024x727.jpg\" alt=\"\" class=\"wp-image-7093\" srcset=\"https:\/\/hopo.ch\/wp-content\/uploads\/2026\/01\/2026-01-31b-Edirne-Selimiye-Moschee-1024x727.jpg 1024w, https:\/\/hopo.ch\/wp-content\/uploads\/2026\/01\/2026-01-31b-Edirne-Selimiye-Moschee-300x213.jpg 300w, https:\/\/hopo.ch\/wp-content\/uploads\/2026\/01\/2026-01-31b-Edirne-Selimiye-Moschee-768x545.jpg 768w, https:\/\/hopo.ch\/wp-content\/uploads\/2026\/01\/2026-01-31b-Edirne-Selimiye-Moschee-1536x1090.jpg 1536w, https:\/\/hopo.ch\/wp-content\/uploads\/2026\/01\/2026-01-31b-Edirne-Selimiye-Moschee.jpg 1691w\" sizes=\"auto, (max-width: 1024px) 100vw, 1024px\" \/><\/figure>\n\n\n<div class=\"wp-block-image\">\n<figure class=\"alignleft size-full is-resized\"><img loading=\"lazy\" decoding=\"async\" width=\"445\" height=\"353\" src=\"https:\/\/hopo.ch\/wp-content\/uploads\/2026\/01\/000-Flagge-Tuerkei-3.jpg\" alt=\"\" class=\"wp-image-7094\" style=\"width:70px\" srcset=\"https:\/\/hopo.ch\/wp-content\/uploads\/2026\/01\/000-Flagge-Tuerkei-3.jpg 445w, https:\/\/hopo.ch\/wp-content\/uploads\/2026\/01\/000-Flagge-Tuerkei-3-300x238.jpg 300w\" sizes=\"auto, (max-width: 445px) 100vw, 445px\" \/><\/figure>\n<\/div>\n\n\n<p class=\"has-medium-font-size\">31. Januar 2026 \/ T\u00fcrkei \/ Edirne \/ Selimiye-Moschee<br><\/p>\n\n\n\n<p class=\"has-small-font-size\">Obwohl unser Standplatz direkt am Rande der Altstadt von Edirne lag, haben wir in unserer ersten Nacht in der T\u00fcrkei herrlich geschlafen. Und das l\u00e4nger, als wir es eigentlich vorhatten, was auch damit zusammenh\u00e4ngen mag, dass wir bei der Einreise in die T\u00fcrkei erneut die Zeitzone gewechselt haben und nun zwei Stunden Vorsprung gegen\u00fcber der Schweiz haben. Wir haben am Vormittag nochmals die Altstadt von Edirne besucht, die uns sehr gut gefallen hat. Es gibt einige eindr\u00fcckliche Moscheen und andere historische Bauten. Toll war es auch, durch die Basare und die Fussg\u00e4ngerzone zu schlendern und dem emsigen Treiben zuzuschauen. Das Angebot der vielen Lebensmittelgesch\u00e4fte und Restaurants hier ist extrem verlockend. Mit wenig Geld h\u00e4tten wir uns in K\u00fcrze einen ordentlichen Bauch zulegen k\u00f6nnen. Wir haben aber Standfestigkeit bewiesen und es bei einem t\u00fcrkischen Kaffee und einem ersten St\u00fcck Baklava bewenden lassen. Das grosse Schlemmen haben wir vorerst einmal auf den Februar verschoben.<\/p>\n","protected":false},"excerpt":{"rendered":"<p>31. Januar 2026 \/ T\u00fcrkei \/ Edirne \/ Selimiye-Moschee Obwohl unser Standplatz direkt am Rande der Altstadt von Edirne lag, haben wir in unserer ersten Nacht in der T\u00fcrkei herrlich geschlafen. Und das l\u00e4nger, als wir es eigentlich vorhatten, was auch damit zusammenh\u00e4ngen mag, dass wir bei der Einreise in die T\u00fcrkei erneut die Zeitzone &hellip; <a href=\"https:\/\/hopo.ch\/?p=7092\" class=\"more-link\"><span class=\"screen-reader-text\">Edirne<\/span> weiterlesen<\/a><\/p>\n","protected":false},"author":1,"featured_media":0,"comment_status":"open","ping_status":"open","sticky":false,"template":"","format":"standard","meta":{"_jetpack_memberships_contains_paid_content":false,"footnotes":""},"categories":[1830],"tags":[1828,1832,1827],"class_list":["post-7092","post","type-post","status-publish","format-standard","hentry","category-tuerkei-2026","tag-edirne","tag-selimiye-moschee","tag-tuerkei"],"jetpack_featured_media_url":"","jetpack_sharing_enabled":true,"_links":{"self":[{"href":"https:\/\/hopo.ch\/index.php?rest_route=\/wp\/v2\/posts\/7092","targetHints":{"allow":["GET"]}}],"collection":[{"href":"https:\/\/hopo.ch\/index.php?rest_route=\/wp\/v2\/posts"}],"about":[{"href":"https:\/\/hopo.ch\/index.php?rest_route=\/wp\/v2\/types\/post"}],"author":[{"embeddable":true,"href":"https:\/\/hopo.ch\/index.php?rest_route=\/wp\/v2\/users\/1"}],"replies":[{"embeddable":true,"href":"https:\/\/hopo.ch\/index.php?rest_route=%2Fwp%2Fv2%2Fcomments&post=7092"}],"version-history":[{"count":1,"href":"https:\/\/hopo.ch\/index.php?rest_route=\/wp\/v2\/posts\/7092\/revisions"}],"predecessor-version":[{"id":7095,"href":"https:\/\/hopo.ch\/index.php?rest_route=\/wp\/v2\/posts\/7092\/revisions\/7095"}],"wp:attachment":[{"href":"https:\/\/hopo.ch\/index.php?rest_route=%2Fwp%2Fv2%2Fmedia&parent=7092"}],"wp:term":[{"taxonomy":"category","embeddable":true,"href":"https:\/\/hopo.ch\/index.php?rest_route=%2Fwp%2Fv2%2Fcategories&post=7092"},{"taxonomy":"post_tag","embeddable":true,"href":"https:\/\/hopo.ch\/index.php?rest_route=%2Fwp%2Fv2%2Ftags&post=7092"}],"curies":[{"name":"wp","href":"https:\/\/api.w.org\/{rel}","templated":true}]}}