{"id":6703,"date":"2025-12-24T14:40:08","date_gmt":"2025-12-24T12:40:08","guid":{"rendered":"https:\/\/hopo.ch\/?p=6703"},"modified":"2025-12-24T14:40:43","modified_gmt":"2025-12-24T12:40:43","slug":"auf-wiedersehen-montenegro","status":"publish","type":"post","link":"https:\/\/hopo.ch\/?p=6703","title":{"rendered":"Auf Wiedersehen Montenegro"},"content":{"rendered":"\n<figure class=\"wp-block-image size-large\"><img loading=\"lazy\" decoding=\"async\" width=\"1024\" height=\"721\" src=\"https:\/\/hopo.ch\/wp-content\/uploads\/2025\/12\/2025-12-23a-Gornja-Grabovica-Berge-1024x721.jpg\" alt=\"\" class=\"wp-image-6704\" srcset=\"https:\/\/hopo.ch\/wp-content\/uploads\/2025\/12\/2025-12-23a-Gornja-Grabovica-Berge-1024x721.jpg 1024w, https:\/\/hopo.ch\/wp-content\/uploads\/2025\/12\/2025-12-23a-Gornja-Grabovica-Berge-300x211.jpg 300w, https:\/\/hopo.ch\/wp-content\/uploads\/2025\/12\/2025-12-23a-Gornja-Grabovica-Berge-768x541.jpg 768w, https:\/\/hopo.ch\/wp-content\/uploads\/2025\/12\/2025-12-23a-Gornja-Grabovica-Berge-1536x1081.jpg 1536w, https:\/\/hopo.ch\/wp-content\/uploads\/2025\/12\/2025-12-23a-Gornja-Grabovica-Berge.jpg 1705w\" sizes=\"auto, (max-width: 1024px) 100vw, 1024px\" \/><\/figure>\n\n\n<div class=\"wp-block-image\">\n<figure class=\"alignleft size-full is-resized\"><img loading=\"lazy\" decoding=\"async\" width=\"448\" height=\"356\" src=\"https:\/\/hopo.ch\/wp-content\/uploads\/2025\/12\/000-Flagge-Montenegro-26.jpg\" alt=\"\" class=\"wp-image-6705\" style=\"width:70px\" srcset=\"https:\/\/hopo.ch\/wp-content\/uploads\/2025\/12\/000-Flagge-Montenegro-26.jpg 448w, https:\/\/hopo.ch\/wp-content\/uploads\/2025\/12\/000-Flagge-Montenegro-26-300x238.jpg 300w\" sizes=\"auto, (max-width: 448px) 100vw, 448px\" \/><\/figure>\n<\/div>\n\n\n<p class=\"has-medium-font-size\">23. Dezember 2025 \/ Montenegro \/ Gornja Grabovica \/ Berge<br><\/p>\n\n\n\n<p class=\"has-small-font-size\">Nach sieben Tagen Aufenthalt habe ich heute Morgen Montenegro verlassen. Das Land hat mir sehr gut gefallen. Die Landschaft hier ist ph\u00e4nomenal. Dem Meer entlang gibt es auch etliche sch\u00f6ne K\u00fcstenst\u00e4dtchen wie etwa Perast, Kotor, Budva oder Ulcinj. Sehr sch\u00f6n ist es auch am Skutarisee. Die Bev\u00f6lkerung habe ich als eher zur\u00fcckhaltend erlebt. Wenn man etwas fragte, waren aber alle sehr hilfsbereit. Ich habe mich hier jederzeit und \u00fcberall sicher gef\u00fchlt. Als Tourist steht es mir nicht zu, ein besuchtes Land zu kritisieren. Was mir aber am wenigsten gefallen hat, ist der M\u00fcll, der hier \u00fcberall herumliegt. Das scheint im Balkan aber generell ein Problem zu sein. In Kroatien hat es begonnen und seither wird es von Land zu Land schlimmer. Dar\u00fcber muss man hinwegsehen k\u00f6nnen. F\u00fcr mich steht fest: Ich komme wieder nach Montenegro (vermutlich zu einer anderen Jahreszeit) und werde mir dann mehr Zeit nehmen, um das Land noch besser kennenzulernen.<\/p>\n","protected":false},"excerpt":{"rendered":"<p>23. Dezember 2025 \/ Montenegro \/ Gornja Grabovica \/ Berge Nach sieben Tagen Aufenthalt habe ich heute Morgen Montenegro verlassen. Das Land hat mir sehr gut gefallen. Die Landschaft hier ist ph\u00e4nomenal. Dem Meer entlang gibt es auch etliche sch\u00f6ne K\u00fcstenst\u00e4dtchen wie etwa Perast, Kotor, Budva oder Ulcinj. Sehr sch\u00f6n ist es auch am Skutarisee. &hellip; <a href=\"https:\/\/hopo.ch\/?p=6703\" class=\"more-link\"><span class=\"screen-reader-text\">Auf Wiedersehen Montenegro<\/span> weiterlesen<\/a><\/p>\n","protected":false},"author":1,"featured_media":0,"comment_status":"open","ping_status":"open","sticky":false,"template":"","format":"standard","meta":{"_jetpack_memberships_contains_paid_content":false,"footnotes":""},"categories":[1595],"tags":[1716,1715,1676],"class_list":["post-6703","post","type-post","status-publish","format-standard","hentry","category-2025a-balkan","tag-berge","tag-gornja-grabovica","tag-montenegro"],"jetpack_featured_media_url":"","jetpack_sharing_enabled":true,"_links":{"self":[{"href":"https:\/\/hopo.ch\/index.php?rest_route=\/wp\/v2\/posts\/6703","targetHints":{"allow":["GET"]}}],"collection":[{"href":"https:\/\/hopo.ch\/index.php?rest_route=\/wp\/v2\/posts"}],"about":[{"href":"https:\/\/hopo.ch\/index.php?rest_route=\/wp\/v2\/types\/post"}],"author":[{"embeddable":true,"href":"https:\/\/hopo.ch\/index.php?rest_route=\/wp\/v2\/users\/1"}],"replies":[{"embeddable":true,"href":"https:\/\/hopo.ch\/index.php?rest_route=%2Fwp%2Fv2%2Fcomments&post=6703"}],"version-history":[{"count":1,"href":"https:\/\/hopo.ch\/index.php?rest_route=\/wp\/v2\/posts\/6703\/revisions"}],"predecessor-version":[{"id":6706,"href":"https:\/\/hopo.ch\/index.php?rest_route=\/wp\/v2\/posts\/6703\/revisions\/6706"}],"wp:attachment":[{"href":"https:\/\/hopo.ch\/index.php?rest_route=%2Fwp%2Fv2%2Fmedia&parent=6703"}],"wp:term":[{"taxonomy":"category","embeddable":true,"href":"https:\/\/hopo.ch\/index.php?rest_route=%2Fwp%2Fv2%2Fcategories&post=6703"},{"taxonomy":"post_tag","embeddable":true,"href":"https:\/\/hopo.ch\/index.php?rest_route=%2Fwp%2Fv2%2Ftags&post=6703"}],"curies":[{"name":"wp","href":"https:\/\/api.w.org\/{rel}","templated":true}]}}