{"id":6696,"date":"2025-12-22T20:24:50","date_gmt":"2025-12-22T18:24:50","guid":{"rendered":"https:\/\/hopo.ch\/?p=6696"},"modified":"2025-12-22T20:25:19","modified_gmt":"2025-12-22T18:25:19","slug":"abtauchen-ins-nebelmeer","status":"publish","type":"post","link":"https:\/\/hopo.ch\/?p=6696","title":{"rendered":"Abtauchen ins Nebelmeer"},"content":{"rendered":"\n<figure class=\"wp-block-image size-large\"><img loading=\"lazy\" decoding=\"async\" width=\"1024\" height=\"617\" src=\"https:\/\/hopo.ch\/wp-content\/uploads\/2025\/12\/2025-12-22g-Trsnjevik-Pass-Nebelmeer-auf-der-Ostseite-1024x617.jpg\" alt=\"\" class=\"wp-image-6697\" srcset=\"https:\/\/hopo.ch\/wp-content\/uploads\/2025\/12\/2025-12-22g-Trsnjevik-Pass-Nebelmeer-auf-der-Ostseite-1024x617.jpg 1024w, https:\/\/hopo.ch\/wp-content\/uploads\/2025\/12\/2025-12-22g-Trsnjevik-Pass-Nebelmeer-auf-der-Ostseite-300x181.jpg 300w, https:\/\/hopo.ch\/wp-content\/uploads\/2025\/12\/2025-12-22g-Trsnjevik-Pass-Nebelmeer-auf-der-Ostseite-768x462.jpg 768w, https:\/\/hopo.ch\/wp-content\/uploads\/2025\/12\/2025-12-22g-Trsnjevik-Pass-Nebelmeer-auf-der-Ostseite-1536x925.jpg 1536w, https:\/\/hopo.ch\/wp-content\/uploads\/2025\/12\/2025-12-22g-Trsnjevik-Pass-Nebelmeer-auf-der-Ostseite.jpg 1993w\" sizes=\"auto, (max-width: 1024px) 100vw, 1024px\" \/><\/figure>\n\n\n<div class=\"wp-block-image\">\n<figure class=\"alignleft size-full is-resized\"><img loading=\"lazy\" decoding=\"async\" width=\"448\" height=\"356\" src=\"https:\/\/hopo.ch\/wp-content\/uploads\/2025\/12\/000-Flagge-Montenegro-25.jpg\" alt=\"\" class=\"wp-image-6698\" style=\"width:70px\" srcset=\"https:\/\/hopo.ch\/wp-content\/uploads\/2025\/12\/000-Flagge-Montenegro-25.jpg 448w, https:\/\/hopo.ch\/wp-content\/uploads\/2025\/12\/000-Flagge-Montenegro-25-300x238.jpg 300w\" sizes=\"auto, (max-width: 448px) 100vw, 448px\" \/><\/figure>\n<\/div>\n\n\n<p class=\"has-medium-font-size\">22. Dezember 2025 \/ Montenegro \/ Trsnjevik-Pass \/ Nebelmeer auf der Ostseite<\/p>\n\n\n\n<p class=\"has-small-font-size\"><br>F\u00fcr meine Verh\u00e4ltnisse bin ich heute relativ weit gefahren. Ich will verhindern, dass ich nochmals in den Schnee komme. F\u00fcr Mittwoch sind Niederschl\u00e4ge vorhergesagt. Und der Pass, der hier von Montenegro nach Kosovo hin\u00fcberf\u00fchrt, ist 1795 Meter hoch. Ich will ihn daher unbedingt morgen befahren, damit ich nicht nochmals das Gleiche erlebe wie heute Morgen. Mehrheitlich durfte ich bei herrlichem Sonnenschein durch pr\u00e4chtige Landschaften fahren. Vom Trsnjevik-Pass blickte ich dann pl\u00f6tzlich auf ein Nebelmeer hinunter. Das sah wirklich toll aus. Gleichzeitig war mir aber auch klar, dass es das mit dem Sonnenschein f\u00fcr heute wohl gewesen ist. Und tats\u00e4chlich habe ich dann die verbleibende Reststrecke mehrheitlich im Nebel zur\u00fcckgelegt. Allzu tragisch war es nicht. Die Sonne geht hier im Flachen eh kurz nach vier Uhr unter. In den Bergen noch deutlich fr\u00fcher.<\/p>\n","protected":false},"excerpt":{"rendered":"<p>22. Dezember 2025 \/ Montenegro \/ Trsnjevik-Pass \/ Nebelmeer auf der Ostseite F\u00fcr meine Verh\u00e4ltnisse bin ich heute relativ weit gefahren. Ich will verhindern, dass ich nochmals in den Schnee komme. F\u00fcr Mittwoch sind Niederschl\u00e4ge vorhergesagt. Und der Pass, der hier von Montenegro nach Kosovo hin\u00fcberf\u00fchrt, ist 1795 Meter hoch. Ich will ihn daher unbedingt &hellip; <a href=\"https:\/\/hopo.ch\/?p=6696\" class=\"more-link\"><span class=\"screen-reader-text\">Abtauchen ins Nebelmeer<\/span> weiterlesen<\/a><\/p>\n","protected":false},"author":1,"featured_media":0,"comment_status":"open","ping_status":"open","sticky":false,"template":"","format":"standard","meta":{"_jetpack_memberships_contains_paid_content":false,"footnotes":""},"categories":[1595],"tags":[1676,1714,1713],"class_list":["post-6696","post","type-post","status-publish","format-standard","hentry","category-2025a-balkan","tag-montenegro","tag-nebelmeer-auf-der-ostseite","tag-trsnjevik-pass"],"jetpack_featured_media_url":"","jetpack_sharing_enabled":true,"_links":{"self":[{"href":"https:\/\/hopo.ch\/index.php?rest_route=\/wp\/v2\/posts\/6696","targetHints":{"allow":["GET"]}}],"collection":[{"href":"https:\/\/hopo.ch\/index.php?rest_route=\/wp\/v2\/posts"}],"about":[{"href":"https:\/\/hopo.ch\/index.php?rest_route=\/wp\/v2\/types\/post"}],"author":[{"embeddable":true,"href":"https:\/\/hopo.ch\/index.php?rest_route=\/wp\/v2\/users\/1"}],"replies":[{"embeddable":true,"href":"https:\/\/hopo.ch\/index.php?rest_route=%2Fwp%2Fv2%2Fcomments&post=6696"}],"version-history":[{"count":1,"href":"https:\/\/hopo.ch\/index.php?rest_route=\/wp\/v2\/posts\/6696\/revisions"}],"predecessor-version":[{"id":6699,"href":"https:\/\/hopo.ch\/index.php?rest_route=\/wp\/v2\/posts\/6696\/revisions\/6699"}],"wp:attachment":[{"href":"https:\/\/hopo.ch\/index.php?rest_route=%2Fwp%2Fv2%2Fmedia&parent=6696"}],"wp:term":[{"taxonomy":"category","embeddable":true,"href":"https:\/\/hopo.ch\/index.php?rest_route=%2Fwp%2Fv2%2Fcategories&post=6696"},{"taxonomy":"post_tag","embeddable":true,"href":"https:\/\/hopo.ch\/index.php?rest_route=%2Fwp%2Fv2%2Ftags&post=6696"}],"curies":[{"name":"wp","href":"https:\/\/api.w.org\/{rel}","templated":true}]}}