{"id":6684,"date":"2025-12-22T20:15:13","date_gmt":"2025-12-22T18:15:13","guid":{"rendered":"https:\/\/hopo.ch\/?p=6684"},"modified":"2025-12-22T20:15:44","modified_gmt":"2025-12-22T18:15:44","slug":"ende-der-fahnenstange","status":"publish","type":"post","link":"https:\/\/hopo.ch\/?p=6684","title":{"rendered":"Ende der Fahnenstange"},"content":{"rendered":"\n<figure class=\"wp-block-image size-large\"><img loading=\"lazy\" decoding=\"async\" width=\"1024\" height=\"745\" src=\"https:\/\/hopo.ch\/wp-content\/uploads\/2025\/12\/2025-12-22d-Sedlo-Pass-Passstrasse-auf-Ostseite-1024x745.jpg\" alt=\"\" class=\"wp-image-6685\" srcset=\"https:\/\/hopo.ch\/wp-content\/uploads\/2025\/12\/2025-12-22d-Sedlo-Pass-Passstrasse-auf-Ostseite-1024x745.jpg 1024w, https:\/\/hopo.ch\/wp-content\/uploads\/2025\/12\/2025-12-22d-Sedlo-Pass-Passstrasse-auf-Ostseite-300x218.jpg 300w, https:\/\/hopo.ch\/wp-content\/uploads\/2025\/12\/2025-12-22d-Sedlo-Pass-Passstrasse-auf-Ostseite-768x559.jpg 768w, https:\/\/hopo.ch\/wp-content\/uploads\/2025\/12\/2025-12-22d-Sedlo-Pass-Passstrasse-auf-Ostseite-1536x1117.jpg 1536w, https:\/\/hopo.ch\/wp-content\/uploads\/2025\/12\/2025-12-22d-Sedlo-Pass-Passstrasse-auf-Ostseite.jpg 1650w\" sizes=\"auto, (max-width: 1024px) 100vw, 1024px\" \/><\/figure>\n\n\n<div class=\"wp-block-image\">\n<figure class=\"alignleft size-full is-resized\"><img loading=\"lazy\" decoding=\"async\" width=\"448\" height=\"356\" src=\"https:\/\/hopo.ch\/wp-content\/uploads\/2025\/12\/000-Flagge-Montenegro-22.jpg\" alt=\"\" class=\"wp-image-6686\" style=\"width:70px\" srcset=\"https:\/\/hopo.ch\/wp-content\/uploads\/2025\/12\/000-Flagge-Montenegro-22.jpg 448w, https:\/\/hopo.ch\/wp-content\/uploads\/2025\/12\/000-Flagge-Montenegro-22-300x238.jpg 300w\" sizes=\"auto, (max-width: 448px) 100vw, 448px\" \/><\/figure>\n<\/div>\n\n\n<p class=\"has-medium-font-size\">22. Dezember 2025 \/ Montenegro \/ Sedlo-Pass \/ Passstrasse auf Ostseite<\/p>\n\n\n\n<p class=\"has-small-font-size\">Ich bin nicht allzu leicht aus der Ruhe zu bringen. Irgendwie beschlich mich aber doch ein ungutes Gef\u00fchl. Und je weiter ich den Pass hochfuhr und je h\u00f6her die Schneew\u00e4lle an den Strassenr\u00e4ndern wurden, um so mulmiger wurde es mir. Und siehe da: Knapp drei Kilometer unterhalb der Passh\u00f6he endete die freigemachte Fahrspur. Es gab kein Weiterkommen. Und ein Wenden auch nicht. So kam ich in den Genuss einer Gratis-Nachhilfestunde im R\u00fcckw\u00e4rtsfahren. Bis zum ersten m\u00f6glichen Wendepunkt durfte ich \u00fcber zwei Kilometer lang im R\u00fcckw\u00e4rtsgang den Pass hinunterfahren. Jetzt war mir pl\u00f6tzlich klar, warum am gestrigen Abend und in der Nacht keine Fahrzeuge an meinem \u00dcbernachtungsplatz vorbeigefahren sind. <br>Nach dem Wenden war auch klar, dass der Durmitor-Ring f\u00fcr dieses Jahr erledigt ist. Schade. Das kurze St\u00fcck, das ich gesehen habe, war aber extrem sch\u00f6n. Ich werde wiederkommen. Aber nicht mehr im Winter.<\/p>\n\n\n\n<p><\/p>\n","protected":false},"excerpt":{"rendered":"<p>22. Dezember 2025 \/ Montenegro \/ Sedlo-Pass \/ Passstrasse auf Ostseite Ich bin nicht allzu leicht aus der Ruhe zu bringen. Irgendwie beschlich mich aber doch ein ungutes Gef\u00fchl. Und je weiter ich den Pass hochfuhr und je h\u00f6her die Schneew\u00e4lle an den Strassenr\u00e4ndern wurden, um so mulmiger wurde es mir. Und siehe da: Knapp &hellip; <a href=\"https:\/\/hopo.ch\/?p=6684\" class=\"more-link\"><span class=\"screen-reader-text\">Ende der Fahnenstange<\/span> weiterlesen<\/a><\/p>\n","protected":false},"author":1,"featured_media":0,"comment_status":"open","ping_status":"open","sticky":false,"template":"","format":"standard","meta":{"_jetpack_memberships_contains_paid_content":false,"footnotes":""},"categories":[1595],"tags":[1676,1709,1706],"class_list":["post-6684","post","type-post","status-publish","format-standard","hentry","category-2025a-balkan","tag-montenegro","tag-passstrasse-auf-ostseite","tag-sedlo-pass"],"jetpack_featured_media_url":"","jetpack_sharing_enabled":true,"_links":{"self":[{"href":"https:\/\/hopo.ch\/index.php?rest_route=\/wp\/v2\/posts\/6684","targetHints":{"allow":["GET"]}}],"collection":[{"href":"https:\/\/hopo.ch\/index.php?rest_route=\/wp\/v2\/posts"}],"about":[{"href":"https:\/\/hopo.ch\/index.php?rest_route=\/wp\/v2\/types\/post"}],"author":[{"embeddable":true,"href":"https:\/\/hopo.ch\/index.php?rest_route=\/wp\/v2\/users\/1"}],"replies":[{"embeddable":true,"href":"https:\/\/hopo.ch\/index.php?rest_route=%2Fwp%2Fv2%2Fcomments&post=6684"}],"version-history":[{"count":1,"href":"https:\/\/hopo.ch\/index.php?rest_route=\/wp\/v2\/posts\/6684\/revisions"}],"predecessor-version":[{"id":6687,"href":"https:\/\/hopo.ch\/index.php?rest_route=\/wp\/v2\/posts\/6684\/revisions\/6687"}],"wp:attachment":[{"href":"https:\/\/hopo.ch\/index.php?rest_route=%2Fwp%2Fv2%2Fmedia&parent=6684"}],"wp:term":[{"taxonomy":"category","embeddable":true,"href":"https:\/\/hopo.ch\/index.php?rest_route=%2Fwp%2Fv2%2Fcategories&post=6684"},{"taxonomy":"post_tag","embeddable":true,"href":"https:\/\/hopo.ch\/index.php?rest_route=%2Fwp%2Fv2%2Ftags&post=6684"}],"curies":[{"name":"wp","href":"https:\/\/api.w.org\/{rel}","templated":true}]}}