{"id":5150,"date":"2025-08-11T18:59:03","date_gmt":"2025-08-11T16:59:03","guid":{"rendered":"https:\/\/hopo.ch\/?p=5150"},"modified":"2025-08-11T18:59:30","modified_gmt":"2025-08-11T16:59:30","slug":"hamn-auf-senja","status":"publish","type":"post","link":"https:\/\/hopo.ch\/?p=5150","title":{"rendered":"Hamn auf Senja"},"content":{"rendered":"\n<figure class=\"wp-block-image size-large\"><img loading=\"lazy\" decoding=\"async\" width=\"1024\" height=\"712\" src=\"https:\/\/hopo.ch\/wp-content\/uploads\/2025\/08\/2025-08-11a-Hamn-auf-Senja-Boot-1024x712.jpg\" alt=\"\" class=\"wp-image-5151\" srcset=\"https:\/\/hopo.ch\/wp-content\/uploads\/2025\/08\/2025-08-11a-Hamn-auf-Senja-Boot-1024x712.jpg 1024w, https:\/\/hopo.ch\/wp-content\/uploads\/2025\/08\/2025-08-11a-Hamn-auf-Senja-Boot-300x209.jpg 300w, https:\/\/hopo.ch\/wp-content\/uploads\/2025\/08\/2025-08-11a-Hamn-auf-Senja-Boot-768x534.jpg 768w, https:\/\/hopo.ch\/wp-content\/uploads\/2025\/08\/2025-08-11a-Hamn-auf-Senja-Boot.jpg 1104w\" sizes=\"auto, (max-width: 1024px) 100vw, 1024px\" \/><\/figure>\n\n\n<div class=\"wp-block-image\">\n<figure class=\"alignleft size-full is-resized\"><img loading=\"lazy\" decoding=\"async\" width=\"446\" height=\"357\" src=\"https:\/\/hopo.ch\/wp-content\/uploads\/2025\/08\/000-Flagge-Norwegen-30.jpg\" alt=\"\" class=\"wp-image-5152\" style=\"width:70px\" srcset=\"https:\/\/hopo.ch\/wp-content\/uploads\/2025\/08\/000-Flagge-Norwegen-30.jpg 446w, https:\/\/hopo.ch\/wp-content\/uploads\/2025\/08\/000-Flagge-Norwegen-30-300x240.jpg 300w\" sizes=\"auto, (max-width: 446px) 100vw, 446px\" \/><\/figure>\n<\/div>\n\n\n<p class=\"has-medium-font-size\">11. August 2025 \/ Norwegen \/ Hamn auf Senja \/ Langbaren<br><\/p>\n\n\n\n<p>Gestartet sind wir heute Morgen mit starker Bew\u00f6lkung. Alles war grau in grau. Da sieht auch die sch\u00f6nste Landschaft nicht mehr so sch\u00f6n aus. Doch das Wetter kann sich hier oben rasch \u00e4ndern. Ab Mittag kamen wir in den Genuss von viel Sonnenschein. Und die Pracht der hiesigen Landschaft konnte sich wieder richtig entfalten.<\/p>\n","protected":false},"excerpt":{"rendered":"<p>11. August 2025 \/ Norwegen \/ Hamn auf Senja \/ Langbaren Gestartet sind wir heute Morgen mit starker Bew\u00f6lkung. Alles war grau in grau. Da sieht auch die sch\u00f6nste Landschaft nicht mehr so sch\u00f6n aus. Doch das Wetter kann sich hier oben rasch \u00e4ndern. Ab Mittag kamen wir in den Genuss von viel Sonnenschein. Und &hellip; <a href=\"https:\/\/hopo.ch\/?p=5150\" class=\"more-link\"><span class=\"screen-reader-text\">Hamn auf Senja<\/span> weiterlesen<\/a><\/p>\n","protected":false},"author":1,"featured_media":0,"comment_status":"open","ping_status":"open","sticky":false,"template":"","format":"standard","meta":{"_jetpack_memberships_contains_paid_content":false,"footnotes":""},"categories":[1134],"tags":[1300,1301,1135],"class_list":["post-5150","post","type-post","status-publish","format-standard","hentry","category-2025a-skandinavien","tag-hamn-auf-senja","tag-langbaren","tag-norwegen"],"jetpack_featured_media_url":"","jetpack_sharing_enabled":true,"_links":{"self":[{"href":"https:\/\/hopo.ch\/index.php?rest_route=\/wp\/v2\/posts\/5150","targetHints":{"allow":["GET"]}}],"collection":[{"href":"https:\/\/hopo.ch\/index.php?rest_route=\/wp\/v2\/posts"}],"about":[{"href":"https:\/\/hopo.ch\/index.php?rest_route=\/wp\/v2\/types\/post"}],"author":[{"embeddable":true,"href":"https:\/\/hopo.ch\/index.php?rest_route=\/wp\/v2\/users\/1"}],"replies":[{"embeddable":true,"href":"https:\/\/hopo.ch\/index.php?rest_route=%2Fwp%2Fv2%2Fcomments&post=5150"}],"version-history":[{"count":1,"href":"https:\/\/hopo.ch\/index.php?rest_route=\/wp\/v2\/posts\/5150\/revisions"}],"predecessor-version":[{"id":5153,"href":"https:\/\/hopo.ch\/index.php?rest_route=\/wp\/v2\/posts\/5150\/revisions\/5153"}],"wp:attachment":[{"href":"https:\/\/hopo.ch\/index.php?rest_route=%2Fwp%2Fv2%2Fmedia&parent=5150"}],"wp:term":[{"taxonomy":"category","embeddable":true,"href":"https:\/\/hopo.ch\/index.php?rest_route=%2Fwp%2Fv2%2Fcategories&post=5150"},{"taxonomy":"post_tag","embeddable":true,"href":"https:\/\/hopo.ch\/index.php?rest_route=%2Fwp%2Fv2%2Ftags&post=5150"}],"curies":[{"name":"wp","href":"https:\/\/api.w.org\/{rel}","templated":true}]}}