{"id":4511,"date":"2025-05-13T21:01:38","date_gmt":"2025-05-13T19:01:38","guid":{"rendered":"https:\/\/hopo.ch\/?p=4511"},"modified":"2025-05-21T19:56:31","modified_gmt":"2025-05-21T17:56:31","slug":"oviedo","status":"publish","type":"post","link":"https:\/\/hopo.ch\/?p=4511","title":{"rendered":"Oviedo"},"content":{"rendered":"\n<figure class=\"wp-block-image size-large\"><img loading=\"lazy\" decoding=\"async\" width=\"1024\" height=\"730\" src=\"https:\/\/hopo.ch\/wp-content\/uploads\/2025\/05\/2025-05-13b-Oviedo-Plaza-Feijoo-1024x730.jpg\" alt=\"\" class=\"wp-image-4512\" srcset=\"https:\/\/hopo.ch\/wp-content\/uploads\/2025\/05\/2025-05-13b-Oviedo-Plaza-Feijoo-1024x730.jpg 1024w, https:\/\/hopo.ch\/wp-content\/uploads\/2025\/05\/2025-05-13b-Oviedo-Plaza-Feijoo-300x214.jpg 300w, https:\/\/hopo.ch\/wp-content\/uploads\/2025\/05\/2025-05-13b-Oviedo-Plaza-Feijoo-768x547.jpg 768w, https:\/\/hopo.ch\/wp-content\/uploads\/2025\/05\/2025-05-13b-Oviedo-Plaza-Feijoo.jpg 1078w\" sizes=\"auto, (max-width: 1024px) 100vw, 1024px\" \/><\/figure>\n\n\n<div class=\"wp-block-image\">\n<figure class=\"alignleft size-full is-resized\"><img loading=\"lazy\" decoding=\"async\" width=\"445\" height=\"356\" src=\"https:\/\/hopo.ch\/wp-content\/uploads\/2025\/05\/000-Flagge-Spanien-10.jpg\" alt=\"\" class=\"wp-image-4513\" style=\"width:70px\" srcset=\"https:\/\/hopo.ch\/wp-content\/uploads\/2025\/05\/000-Flagge-Spanien-10.jpg 445w, https:\/\/hopo.ch\/wp-content\/uploads\/2025\/05\/000-Flagge-Spanien-10-300x240.jpg 300w\" sizes=\"auto, (max-width: 445px) 100vw, 445px\" \/><\/figure>\n<\/div>\n\n\n<p class=\"has-medium-font-size\">13. Mai 2025 \/ Spanien \/ Oviedo \/ Plaza Feijoo<br><\/p>\n\n\n\n<p class=\"has-small-font-size\">Heute Nachmittag haben wir Oviedo besucht, das auf gut zweihundert Metern H\u00f6he im Zentrum Asturiens liegt (25 Kilometer vom Meer entfernt). Oviedo z\u00e4hlt 220&#8217;000 Einwohner und ist die Hauptstadt der Autonomen Gemeinschaft F\u00fcrstentum Asturien, wie die Region ganz korrekt heisst. Im fr\u00fchen Mittelalter war die Stadt sogar die Residenz des damals unabh\u00e4ngigen K\u00f6nigreiches Asturien. Oviedo besitzt eine kleine, aber sehr sch\u00f6ne Altstadt mit einer m\u00e4chtigen Kathedrale und einigen lauschigen Pl\u00e4tzen. Wie in allen gr\u00f6sseren spanischen St\u00e4dten ist auch in Zentrum von Oviedo kaum ein freier Parkplatz zu finden. Erst recht nicht f\u00fcr Wohnmobile. Der \u00d6V funktioniert in den St\u00e4dten aber meist gut. Daher lohnt es sich, am Stadtrand zu parkieren und sich f\u00fcr ein kleines Geld mit einem Bus stressfrei mitten ins Zentrum chauffieren zu lassen.<\/p>\n","protected":false},"excerpt":{"rendered":"<p>13. Mai 2025 \/ Spanien \/ Oviedo \/ Plaza Feijoo Heute Nachmittag haben wir Oviedo besucht, das auf gut zweihundert Metern H\u00f6he im Zentrum Asturiens liegt (25 Kilometer vom Meer entfernt). Oviedo z\u00e4hlt 220&#8217;000 Einwohner und ist die Hauptstadt der Autonomen Gemeinschaft F\u00fcrstentum Asturien, wie die Region ganz korrekt heisst. Im fr\u00fchen Mittelalter war die &hellip; <a href=\"https:\/\/hopo.ch\/?p=4511\" class=\"more-link\"><span class=\"screen-reader-text\">Oviedo<\/span> weiterlesen<\/a><\/p>\n","protected":false},"author":1,"featured_media":0,"comment_status":"open","ping_status":"open","sticky":false,"template":"","format":"standard","meta":{"_jetpack_memberships_contains_paid_content":false,"footnotes":""},"categories":[977],"tags":[64,16,1124,1125,506],"class_list":["post-4511","post","type-post","status-publish","format-standard","hentry","category-2025a-portugal","tag-hopo","tag-kurt-gfeller","tag-oviedo","tag-plaza-feijoo","tag-spanien"],"jetpack_featured_media_url":"","jetpack_sharing_enabled":true,"_links":{"self":[{"href":"https:\/\/hopo.ch\/index.php?rest_route=\/wp\/v2\/posts\/4511","targetHints":{"allow":["GET"]}}],"collection":[{"href":"https:\/\/hopo.ch\/index.php?rest_route=\/wp\/v2\/posts"}],"about":[{"href":"https:\/\/hopo.ch\/index.php?rest_route=\/wp\/v2\/types\/post"}],"author":[{"embeddable":true,"href":"https:\/\/hopo.ch\/index.php?rest_route=\/wp\/v2\/users\/1"}],"replies":[{"embeddable":true,"href":"https:\/\/hopo.ch\/index.php?rest_route=%2Fwp%2Fv2%2Fcomments&post=4511"}],"version-history":[{"count":1,"href":"https:\/\/hopo.ch\/index.php?rest_route=\/wp\/v2\/posts\/4511\/revisions"}],"predecessor-version":[{"id":4514,"href":"https:\/\/hopo.ch\/index.php?rest_route=\/wp\/v2\/posts\/4511\/revisions\/4514"}],"wp:attachment":[{"href":"https:\/\/hopo.ch\/index.php?rest_route=%2Fwp%2Fv2%2Fmedia&parent=4511"}],"wp:term":[{"taxonomy":"category","embeddable":true,"href":"https:\/\/hopo.ch\/index.php?rest_route=%2Fwp%2Fv2%2Fcategories&post=4511"},{"taxonomy":"post_tag","embeddable":true,"href":"https:\/\/hopo.ch\/index.php?rest_route=%2Fwp%2Fv2%2Ftags&post=4511"}],"curies":[{"name":"wp","href":"https:\/\/api.w.org\/{rel}","templated":true}]}}