{"id":4456,"date":"2025-05-09T21:10:32","date_gmt":"2025-05-09T19:10:32","guid":{"rendered":"https:\/\/hopo.ch\/?p=4456"},"modified":"2025-05-09T21:11:09","modified_gmt":"2025-05-09T19:11:09","slug":"adeus-portugal","status":"publish","type":"post","link":"https:\/\/hopo.ch\/?p=4456","title":{"rendered":"Adeus Portugal"},"content":{"rendered":"\n<figure class=\"wp-block-image size-large\"><img loading=\"lazy\" decoding=\"async\" width=\"1024\" height=\"736\" src=\"https:\/\/hopo.ch\/wp-content\/uploads\/2025\/05\/2025-05-09a-Valeca-do-Minho-Igreja-Paroquial-de-Santa-Maria-dos-Anjos-1024x736.jpg\" alt=\"\" class=\"wp-image-4457\" srcset=\"https:\/\/hopo.ch\/wp-content\/uploads\/2025\/05\/2025-05-09a-Valeca-do-Minho-Igreja-Paroquial-de-Santa-Maria-dos-Anjos-1024x736.jpg 1024w, https:\/\/hopo.ch\/wp-content\/uploads\/2025\/05\/2025-05-09a-Valeca-do-Minho-Igreja-Paroquial-de-Santa-Maria-dos-Anjos-300x216.jpg 300w, https:\/\/hopo.ch\/wp-content\/uploads\/2025\/05\/2025-05-09a-Valeca-do-Minho-Igreja-Paroquial-de-Santa-Maria-dos-Anjos-768x552.jpg 768w, https:\/\/hopo.ch\/wp-content\/uploads\/2025\/05\/2025-05-09a-Valeca-do-Minho-Igreja-Paroquial-de-Santa-Maria-dos-Anjos.jpg 1069w\" sizes=\"auto, (max-width: 1024px) 100vw, 1024px\" \/><\/figure>\n\n\n<div class=\"wp-block-image\">\n<figure class=\"alignleft size-full is-resized\"><img loading=\"lazy\" decoding=\"async\" width=\"444\" height=\"358\" src=\"https:\/\/hopo.ch\/wp-content\/uploads\/2025\/05\/000-Flagge-Portugal-17.jpg\" alt=\"\" class=\"wp-image-4458\" style=\"width:70px\" srcset=\"https:\/\/hopo.ch\/wp-content\/uploads\/2025\/05\/000-Flagge-Portugal-17.jpg 444w, https:\/\/hopo.ch\/wp-content\/uploads\/2025\/05\/000-Flagge-Portugal-17-300x242.jpg 300w\" sizes=\"auto, (max-width: 444px) 100vw, 444px\" \/><\/figure>\n<\/div>\n\n\n<p class=\"has-medium-font-size\">9. Mai 2025 \/ Portugal \/ Vale\u00e7a do Minho \/ Igreja Paroquial de Santa Maria dos Anjos<\/p>\n\n\n\n<p class=\"has-small-font-size\">Am letzten Tag unserer Portugalreise haben wir noch kurz die drei St\u00e4dtchen Caminha, Vila Nova de Cerveira und Vale\u00e7a do Minho besucht. Das leider bei tr\u00fcbem Wetter. Alle drei St\u00e4dtchen liegen direkt an der Grenze zu Spanien, jeweils getrennt durch den Grenzfluss Rio Minho. Wir waren insgesamt 31 Tage in Portugal. Wir haben viel Sch\u00f6nes gesehen. So etwa die beiden tollen St\u00e4dte Lissabon und Porto, herrliche K\u00fcstenlandschaften mit bizarren Felsformationen, sch\u00f6ne Str\u00e4nde, etliche mittelalterliche St\u00e4dte, viele beeindruckende Burgen, eine Menge unterschiedlichster Kirchen und Kl\u00f6ster sowie sch\u00f6ne Landschaften. Portugal ist recht abwechslungsreich. Leider war das Wetter nicht immer so, wie wir es uns gew\u00fcnscht h\u00e4tten. Aber damit muss man leben und es tr\u00fcbt unsere Erinnerungen nicht nachhaltig. Portugal ist ein tolles Reiseland und wir kommen bestimmt wieder.<\/p>\n","protected":false},"excerpt":{"rendered":"<p>9. Mai 2025 \/ Portugal \/ Vale\u00e7a do Minho \/ Igreja Paroquial de Santa Maria dos Anjos Am letzten Tag unserer Portugalreise haben wir noch kurz die drei St\u00e4dtchen Caminha, Vila Nova de Cerveira und Vale\u00e7a do Minho besucht. Das leider bei tr\u00fcbem Wetter. Alle drei St\u00e4dtchen liegen direkt an der Grenze zu Spanien, jeweils &hellip; <a href=\"https:\/\/hopo.ch\/?p=4456\" class=\"more-link\"><span class=\"screen-reader-text\">Adeus Portugal<\/span> weiterlesen<\/a><\/p>\n","protected":false},"author":1,"featured_media":0,"comment_status":"open","ping_status":"open","sticky":false,"template":"","format":"standard","meta":{"_jetpack_memberships_contains_paid_content":false,"footnotes":""},"categories":[977],"tags":[64,1110,16,978,1109],"class_list":["post-4456","post","type-post","status-publish","format-standard","hentry","category-2025a-portugal","tag-hopo","tag-igreja-paroquial-de-santa-maria-dos-anjos","tag-kurt-gfeller","tag-portugal","tag-valeca-do-minho"],"jetpack_featured_media_url":"","jetpack_sharing_enabled":true,"_links":{"self":[{"href":"https:\/\/hopo.ch\/index.php?rest_route=\/wp\/v2\/posts\/4456","targetHints":{"allow":["GET"]}}],"collection":[{"href":"https:\/\/hopo.ch\/index.php?rest_route=\/wp\/v2\/posts"}],"about":[{"href":"https:\/\/hopo.ch\/index.php?rest_route=\/wp\/v2\/types\/post"}],"author":[{"embeddable":true,"href":"https:\/\/hopo.ch\/index.php?rest_route=\/wp\/v2\/users\/1"}],"replies":[{"embeddable":true,"href":"https:\/\/hopo.ch\/index.php?rest_route=%2Fwp%2Fv2%2Fcomments&post=4456"}],"version-history":[{"count":1,"href":"https:\/\/hopo.ch\/index.php?rest_route=\/wp\/v2\/posts\/4456\/revisions"}],"predecessor-version":[{"id":4459,"href":"https:\/\/hopo.ch\/index.php?rest_route=\/wp\/v2\/posts\/4456\/revisions\/4459"}],"wp:attachment":[{"href":"https:\/\/hopo.ch\/index.php?rest_route=%2Fwp%2Fv2%2Fmedia&parent=4456"}],"wp:term":[{"taxonomy":"category","embeddable":true,"href":"https:\/\/hopo.ch\/index.php?rest_route=%2Fwp%2Fv2%2Fcategories&post=4456"},{"taxonomy":"post_tag","embeddable":true,"href":"https:\/\/hopo.ch\/index.php?rest_route=%2Fwp%2Fv2%2Ftags&post=4456"}],"curies":[{"name":"wp","href":"https:\/\/api.w.org\/{rel}","templated":true}]}}