{"id":4434,"date":"2025-05-07T21:23:55","date_gmt":"2025-05-07T19:23:55","guid":{"rendered":"https:\/\/hopo.ch\/?p=4434"},"modified":"2025-05-07T21:24:31","modified_gmt":"2025-05-07T19:24:31","slug":"vila-do-conde","status":"publish","type":"post","link":"https:\/\/hopo.ch\/?p=4434","title":{"rendered":"Vila do Conde"},"content":{"rendered":"\n<figure class=\"wp-block-image size-large\"><img loading=\"lazy\" decoding=\"async\" width=\"1024\" height=\"680\" src=\"https:\/\/hopo.ch\/wp-content\/uploads\/2025\/05\/2025-05-07a-Vila-do-Conde-Capela-de-Nossa-Senhora-da-Guia-1-1024x680.jpg\" alt=\"\" class=\"wp-image-4436\" srcset=\"https:\/\/hopo.ch\/wp-content\/uploads\/2025\/05\/2025-05-07a-Vila-do-Conde-Capela-de-Nossa-Senhora-da-Guia-1-1024x680.jpg 1024w, https:\/\/hopo.ch\/wp-content\/uploads\/2025\/05\/2025-05-07a-Vila-do-Conde-Capela-de-Nossa-Senhora-da-Guia-1-300x199.jpg 300w, https:\/\/hopo.ch\/wp-content\/uploads\/2025\/05\/2025-05-07a-Vila-do-Conde-Capela-de-Nossa-Senhora-da-Guia-1-768x510.jpg 768w, https:\/\/hopo.ch\/wp-content\/uploads\/2025\/05\/2025-05-07a-Vila-do-Conde-Capela-de-Nossa-Senhora-da-Guia-1.jpg 1156w\" sizes=\"auto, (max-width: 1024px) 100vw, 1024px\" \/><\/figure>\n\n\n<div class=\"wp-block-image\">\n<figure class=\"alignleft size-full is-resized\"><img loading=\"lazy\" decoding=\"async\" width=\"444\" height=\"358\" src=\"https:\/\/hopo.ch\/wp-content\/uploads\/2025\/05\/000-Flagge-Portugal-13.jpg\" alt=\"\" class=\"wp-image-4437\" style=\"width:70px\" srcset=\"https:\/\/hopo.ch\/wp-content\/uploads\/2025\/05\/000-Flagge-Portugal-13.jpg 444w, https:\/\/hopo.ch\/wp-content\/uploads\/2025\/05\/000-Flagge-Portugal-13-300x242.jpg 300w\" sizes=\"auto, (max-width: 444px) 100vw, 444px\" \/><\/figure>\n<\/div>\n\n\n<p class=\"has-medium-font-size\">7. Mai 2025 \/ Portugal \/ Vila do Conde \/ Capela de Nossa Senhora da Guia<\/p>\n\n\n\n<p class=\"has-small-font-size\">Wir haben uns vorgenommen, nochmals nach Porto zu reisen. Wir sind daher gestern Abend noch nach S\u00e3o Rom\u00e3o gefahren. Hier gibt es einen ruhigen Stellplatz in unmittelbarer N\u00e4he eines Bahnhofs, von dem aus man per Zug direkt ins Zentrum von Porto gelangen kann. Absolut ideal. Als wir heute Morgen nach einigem Hin und Her (die portugiesischen Tarifsysteme und die hiesigen Billettautomaten sind nicht immer einfach zu verstehen) zwei Billette gel\u00f6st haben, sickerte die Meldung durch, dass gestreikt werde und dass heute keine Z\u00fcge mehr fahren w\u00fcrden. Super! Was tun? Im Zentrum von Porto gibt es keine Parkpl\u00e4tze f\u00fcr Wohnmobile. Eine Option w\u00e4re, zu einer Metrostation zu fahren. Aber auch bei diesen sind Parkpl\u00e4tze rar (an Tagen, an denen die Bahn streikt, wohl erst recht). Und f\u00e4hrt die Metro \u00fcberhaupt oder streikt die auch? Wir haben aufgegeben und sind ans Meer gefahren. Mit Vila do Conde haben wir einen tollen Ort zum Relaxen gefunden, der \u00fcber sch\u00f6ne Str\u00e4nde und eine sehenswerte Altstadt verf\u00fcgt.<\/p>\n","protected":false},"excerpt":{"rendered":"<p>7. Mai 2025 \/ Portugal \/ Vila do Conde \/ Capela de Nossa Senhora da Guia Wir haben uns vorgenommen, nochmals nach Porto zu reisen. Wir sind daher gestern Abend noch nach S\u00e3o Rom\u00e3o gefahren. Hier gibt es einen ruhigen Stellplatz in unmittelbarer N\u00e4he eines Bahnhofs, von dem aus man per Zug direkt ins Zentrum &hellip; <a href=\"https:\/\/hopo.ch\/?p=4434\" class=\"more-link\"><span class=\"screen-reader-text\">Vila do Conde<\/span> weiterlesen<\/a><\/p>\n","protected":false},"author":1,"featured_media":0,"comment_status":"open","ping_status":"open","sticky":false,"template":"","format":"standard","meta":{"_jetpack_memberships_contains_paid_content":false,"footnotes":""},"categories":[977],"tags":[1104,64,16,978,1103],"class_list":["post-4434","post","type-post","status-publish","format-standard","hentry","category-2025a-portugal","tag-capela-de-nossa-senhora-da-guia","tag-hopo","tag-kurt-gfeller","tag-portugal","tag-vila-do-conde"],"jetpack_featured_media_url":"","jetpack_sharing_enabled":true,"_links":{"self":[{"href":"https:\/\/hopo.ch\/index.php?rest_route=\/wp\/v2\/posts\/4434","targetHints":{"allow":["GET"]}}],"collection":[{"href":"https:\/\/hopo.ch\/index.php?rest_route=\/wp\/v2\/posts"}],"about":[{"href":"https:\/\/hopo.ch\/index.php?rest_route=\/wp\/v2\/types\/post"}],"author":[{"embeddable":true,"href":"https:\/\/hopo.ch\/index.php?rest_route=\/wp\/v2\/users\/1"}],"replies":[{"embeddable":true,"href":"https:\/\/hopo.ch\/index.php?rest_route=%2Fwp%2Fv2%2Fcomments&post=4434"}],"version-history":[{"count":1,"href":"https:\/\/hopo.ch\/index.php?rest_route=\/wp\/v2\/posts\/4434\/revisions"}],"predecessor-version":[{"id":4438,"href":"https:\/\/hopo.ch\/index.php?rest_route=\/wp\/v2\/posts\/4434\/revisions\/4438"}],"wp:attachment":[{"href":"https:\/\/hopo.ch\/index.php?rest_route=%2Fwp%2Fv2%2Fmedia&parent=4434"}],"wp:term":[{"taxonomy":"category","embeddable":true,"href":"https:\/\/hopo.ch\/index.php?rest_route=%2Fwp%2Fv2%2Fcategories&post=4434"},{"taxonomy":"post_tag","embeddable":true,"href":"https:\/\/hopo.ch\/index.php?rest_route=%2Fwp%2Fv2%2Ftags&post=4434"}],"curies":[{"name":"wp","href":"https:\/\/api.w.org\/{rel}","templated":true}]}}