{"id":4392,"date":"2025-05-03T20:37:26","date_gmt":"2025-05-03T18:37:26","guid":{"rendered":"https:\/\/hopo.ch\/?p=4392"},"modified":"2025-05-03T20:38:10","modified_gmt":"2025-05-03T18:38:10","slug":"porto","status":"publish","type":"post","link":"https:\/\/hopo.ch\/?p=4392","title":{"rendered":"Porto"},"content":{"rendered":"\n<figure class=\"wp-block-image size-large\"><img loading=\"lazy\" decoding=\"async\" width=\"1024\" height=\"662\" src=\"https:\/\/hopo.ch\/wp-content\/uploads\/2025\/05\/2025-05-03a-Porto-Altstadt-vom-Miradouro-do-Largo-de-Aviz-aus-1024x662.jpg\" alt=\"\" class=\"wp-image-4393\" srcset=\"https:\/\/hopo.ch\/wp-content\/uploads\/2025\/05\/2025-05-03a-Porto-Altstadt-vom-Miradouro-do-Largo-de-Aviz-aus-1024x662.jpg 1024w, https:\/\/hopo.ch\/wp-content\/uploads\/2025\/05\/2025-05-03a-Porto-Altstadt-vom-Miradouro-do-Largo-de-Aviz-aus-300x194.jpg 300w, https:\/\/hopo.ch\/wp-content\/uploads\/2025\/05\/2025-05-03a-Porto-Altstadt-vom-Miradouro-do-Largo-de-Aviz-aus-768x496.jpg 768w, https:\/\/hopo.ch\/wp-content\/uploads\/2025\/05\/2025-05-03a-Porto-Altstadt-vom-Miradouro-do-Largo-de-Aviz-aus.jpg 1188w\" sizes=\"auto, (max-width: 1024px) 100vw, 1024px\" \/><\/figure>\n\n\n<div class=\"wp-block-image\">\n<figure class=\"alignleft size-full is-resized\"><img loading=\"lazy\" decoding=\"async\" width=\"444\" height=\"358\" src=\"https:\/\/hopo.ch\/wp-content\/uploads\/2025\/05\/000-Flagge-Portugal-5.jpg\" alt=\"\" class=\"wp-image-4394\" style=\"width:70px\" srcset=\"https:\/\/hopo.ch\/wp-content\/uploads\/2025\/05\/000-Flagge-Portugal-5.jpg 444w, https:\/\/hopo.ch\/wp-content\/uploads\/2025\/05\/000-Flagge-Portugal-5-300x242.jpg 300w\" sizes=\"auto, (max-width: 444px) 100vw, 444px\" \/><\/figure>\n<\/div>\n\n\n<p class=\"has-medium-font-size\">3. Mai 2025 \/ Portugal \/ Porto \/ Altstadt vom Miradouro do Largo de Aviz aus<\/p>\n\n\n\n<p class=\"has-small-font-size\">In den letzten Monaten haben wir etliche sch\u00f6ne St\u00e4dte sehen d\u00fcrfen. Die allersch\u00f6nste ist meiner Meinung nach Porto, das wir heute besucht haben. Der Blick von der Ponte Luiz aus auf den Douro und auf Portos Altstadt ist sagenhaft. Doch es geht noch besser: steigt man zum Kloster Serra do Pilar hoch, hat man auch noch die Ponte Luiz im Blickfeld. Umwerfend. Schade, dass das Wetter wieder nicht mitgespielt hat. Der portugiesische Fr\u00fchling will wirklich nicht so, wie wir es gerne m\u00f6chten und wie es Porto und seine vielen Besucher verdient h\u00e4tten. Ausharren bringt auch nicht viel. Zumindest die beiden n\u00e4chsten Tage d\u00fcrften nicht besser werden. Wir reisen daher weiter. Allenfalls ergibt sich n\u00e4chste Woche die Gelegenheit, nochmals von Norden her in die Stadt zu fahren. Porto h\u00e4tte es verdient. Und in Lissabon hat sich ein zweiter Besuch ja auch gelohnt.<\/p>\n\n\n\n<p><\/p>\n","protected":false},"excerpt":{"rendered":"<p>3. Mai 2025 \/ Portugal \/ Porto \/ Altstadt vom Miradouro do Largo de Aviz aus In den letzten Monaten haben wir etliche sch\u00f6ne St\u00e4dte sehen d\u00fcrfen. Die allersch\u00f6nste ist meiner Meinung nach Porto, das wir heute besucht haben. Der Blick von der Ponte Luiz aus auf den Douro und auf Portos Altstadt ist sagenhaft. &hellip; <a href=\"https:\/\/hopo.ch\/?p=4392\" class=\"more-link\"><span class=\"screen-reader-text\">Porto<\/span> weiterlesen<\/a><\/p>\n","protected":false},"author":1,"featured_media":0,"comment_status":"open","ping_status":"open","sticky":false,"template":"","format":"standard","meta":{"_jetpack_memberships_contains_paid_content":false,"footnotes":""},"categories":[977],"tags":[1090,64,16,1089,978],"class_list":["post-4392","post","type-post","status-publish","format-standard","hentry","category-2025a-portugal","tag-altstadt-vom-miradouro-do-largo-de-aviz-aus","tag-hopo","tag-kurt-gfeller","tag-porto","tag-portugal"],"jetpack_featured_media_url":"","jetpack_sharing_enabled":true,"_links":{"self":[{"href":"https:\/\/hopo.ch\/index.php?rest_route=\/wp\/v2\/posts\/4392","targetHints":{"allow":["GET"]}}],"collection":[{"href":"https:\/\/hopo.ch\/index.php?rest_route=\/wp\/v2\/posts"}],"about":[{"href":"https:\/\/hopo.ch\/index.php?rest_route=\/wp\/v2\/types\/post"}],"author":[{"embeddable":true,"href":"https:\/\/hopo.ch\/index.php?rest_route=\/wp\/v2\/users\/1"}],"replies":[{"embeddable":true,"href":"https:\/\/hopo.ch\/index.php?rest_route=%2Fwp%2Fv2%2Fcomments&post=4392"}],"version-history":[{"count":1,"href":"https:\/\/hopo.ch\/index.php?rest_route=\/wp\/v2\/posts\/4392\/revisions"}],"predecessor-version":[{"id":4395,"href":"https:\/\/hopo.ch\/index.php?rest_route=\/wp\/v2\/posts\/4392\/revisions\/4395"}],"wp:attachment":[{"href":"https:\/\/hopo.ch\/index.php?rest_route=%2Fwp%2Fv2%2Fmedia&parent=4392"}],"wp:term":[{"taxonomy":"category","embeddable":true,"href":"https:\/\/hopo.ch\/index.php?rest_route=%2Fwp%2Fv2%2Fcategories&post=4392"},{"taxonomy":"post_tag","embeddable":true,"href":"https:\/\/hopo.ch\/index.php?rest_route=%2Fwp%2Fv2%2Ftags&post=4392"}],"curies":[{"name":"wp","href":"https:\/\/api.w.org\/{rel}","templated":true}]}}