{"id":4385,"date":"2025-05-02T20:10:24","date_gmt":"2025-05-02T18:10:24","guid":{"rendered":"https:\/\/hopo.ch\/?p=4385"},"modified":"2025-05-02T20:11:11","modified_gmt":"2025-05-02T18:11:11","slug":"aveiro","status":"publish","type":"post","link":"https:\/\/hopo.ch\/?p=4385","title":{"rendered":"Aveiro"},"content":{"rendered":"\n<figure class=\"wp-block-image size-large\"><img loading=\"lazy\" decoding=\"async\" width=\"1024\" height=\"647\" src=\"https:\/\/hopo.ch\/wp-content\/uploads\/2025\/05\/2025-05-02a-Aveiro-Canal-Centro-1024x647.jpg\" alt=\"\" class=\"wp-image-4386\" srcset=\"https:\/\/hopo.ch\/wp-content\/uploads\/2025\/05\/2025-05-02a-Aveiro-Canal-Centro-1024x647.jpg 1024w, https:\/\/hopo.ch\/wp-content\/uploads\/2025\/05\/2025-05-02a-Aveiro-Canal-Centro-300x190.jpg 300w, https:\/\/hopo.ch\/wp-content\/uploads\/2025\/05\/2025-05-02a-Aveiro-Canal-Centro-768x485.jpg 768w, https:\/\/hopo.ch\/wp-content\/uploads\/2025\/05\/2025-05-02a-Aveiro-Canal-Centro.jpg 1215w\" sizes=\"auto, (max-width: 1024px) 100vw, 1024px\" \/><\/figure>\n\n\n<div class=\"wp-block-image\">\n<figure class=\"alignleft size-full is-resized\"><img loading=\"lazy\" decoding=\"async\" width=\"444\" height=\"358\" src=\"https:\/\/hopo.ch\/wp-content\/uploads\/2025\/05\/000-Flagge-Portugal-4.jpg\" alt=\"\" class=\"wp-image-4387\" style=\"width:70px\" srcset=\"https:\/\/hopo.ch\/wp-content\/uploads\/2025\/05\/000-Flagge-Portugal-4.jpg 444w, https:\/\/hopo.ch\/wp-content\/uploads\/2025\/05\/000-Flagge-Portugal-4-300x242.jpg 300w\" sizes=\"auto, (max-width: 444px) 100vw, 444px\" \/><\/figure>\n<\/div>\n\n\n<p class=\"has-medium-font-size\">2. Mai 2025 \/ Portugal \/ Aveiro \/ Canal Centro<br><\/p>\n\n\n\n<p class=\"has-small-font-size\">Aveiro wird oft als das &#8222;Venedig Portugals&#8220; bezeichnet. Es gibt hier einige Kan\u00e4le und durch diese kann man sich mit speziellen Booten (Barcos moliceiros) chauffieren lassen. Damit hat es sich aber bereits. An die Sch\u00f6nheit von Venedig kommt Aveiro nicht im Ansatz heran. Es gibt zwar einige durchaus sehenswerte Bauten. Venedig ist aber einmalig und bleibt einmalig. Zehn Kilometer westlich von Aveiro gibt es an der Costa Nova sch\u00f6ne Str\u00e4nde. Badewetter haben wir allerdings im Moment nicht. Im Gegenteil: es ist eher k\u00fchl (knapp 20 Grad) und vor allem nass.<\/p>\n","protected":false},"excerpt":{"rendered":"<p>2. Mai 2025 \/ Portugal \/ Aveiro \/ Canal Centro Aveiro wird oft als das &#8222;Venedig Portugals&#8220; bezeichnet. Es gibt hier einige Kan\u00e4le und durch diese kann man sich mit speziellen Booten (Barcos moliceiros) chauffieren lassen. Damit hat es sich aber bereits. An die Sch\u00f6nheit von Venedig kommt Aveiro nicht im Ansatz heran. Es gibt &hellip; <a href=\"https:\/\/hopo.ch\/?p=4385\" class=\"more-link\"><span class=\"screen-reader-text\">Aveiro<\/span> weiterlesen<\/a><\/p>\n","protected":false},"author":1,"featured_media":0,"comment_status":"open","ping_status":"open","sticky":false,"template":"","format":"standard","meta":{"_jetpack_memberships_contains_paid_content":false,"footnotes":""},"categories":[977],"tags":[1087,1088,64,16,978],"class_list":["post-4385","post","type-post","status-publish","format-standard","hentry","category-2025a-portugal","tag-aveiro","tag-canal-centro","tag-hopo","tag-kurt-gfeller","tag-portugal"],"jetpack_featured_media_url":"","jetpack_sharing_enabled":true,"_links":{"self":[{"href":"https:\/\/hopo.ch\/index.php?rest_route=\/wp\/v2\/posts\/4385","targetHints":{"allow":["GET"]}}],"collection":[{"href":"https:\/\/hopo.ch\/index.php?rest_route=\/wp\/v2\/posts"}],"about":[{"href":"https:\/\/hopo.ch\/index.php?rest_route=\/wp\/v2\/types\/post"}],"author":[{"embeddable":true,"href":"https:\/\/hopo.ch\/index.php?rest_route=\/wp\/v2\/users\/1"}],"replies":[{"embeddable":true,"href":"https:\/\/hopo.ch\/index.php?rest_route=%2Fwp%2Fv2%2Fcomments&post=4385"}],"version-history":[{"count":1,"href":"https:\/\/hopo.ch\/index.php?rest_route=\/wp\/v2\/posts\/4385\/revisions"}],"predecessor-version":[{"id":4388,"href":"https:\/\/hopo.ch\/index.php?rest_route=\/wp\/v2\/posts\/4385\/revisions\/4388"}],"wp:attachment":[{"href":"https:\/\/hopo.ch\/index.php?rest_route=%2Fwp%2Fv2%2Fmedia&parent=4385"}],"wp:term":[{"taxonomy":"category","embeddable":true,"href":"https:\/\/hopo.ch\/index.php?rest_route=%2Fwp%2Fv2%2Fcategories&post=4385"},{"taxonomy":"post_tag","embeddable":true,"href":"https:\/\/hopo.ch\/index.php?rest_route=%2Fwp%2Fv2%2Ftags&post=4385"}],"curies":[{"name":"wp","href":"https:\/\/api.w.org\/{rel}","templated":true}]}}