{"id":4269,"date":"2025-04-24T23:41:14","date_gmt":"2025-04-24T21:41:14","guid":{"rendered":"https:\/\/hopo.ch\/?p=4269"},"modified":"2025-04-24T23:41:46","modified_gmt":"2025-04-24T21:41:46","slug":"santarem","status":"publish","type":"post","link":"https:\/\/hopo.ch\/?p=4269","title":{"rendered":"Santar\u00e9m"},"content":{"rendered":"\n<figure class=\"wp-block-image size-large\"><img loading=\"lazy\" decoding=\"async\" width=\"1024\" height=\"710\" src=\"https:\/\/hopo.ch\/wp-content\/uploads\/2025\/04\/2025-04-24e-Santarem-Largo-do-Seminario-1024x710.jpg\" alt=\"\" class=\"wp-image-4270\" srcset=\"https:\/\/hopo.ch\/wp-content\/uploads\/2025\/04\/2025-04-24e-Santarem-Largo-do-Seminario-1024x710.jpg 1024w, https:\/\/hopo.ch\/wp-content\/uploads\/2025\/04\/2025-04-24e-Santarem-Largo-do-Seminario-300x208.jpg 300w, https:\/\/hopo.ch\/wp-content\/uploads\/2025\/04\/2025-04-24e-Santarem-Largo-do-Seminario-768x532.jpg 768w, https:\/\/hopo.ch\/wp-content\/uploads\/2025\/04\/2025-04-24e-Santarem-Largo-do-Seminario.jpg 1108w\" sizes=\"auto, (max-width: 1024px) 100vw, 1024px\" \/><\/figure>\n\n\n<div class=\"wp-block-image\">\n<figure class=\"alignleft size-full is-resized\"><img loading=\"lazy\" decoding=\"async\" width=\"444\" height=\"358\" src=\"https:\/\/hopo.ch\/wp-content\/uploads\/2025\/04\/000-Flagge-Portugal-51.jpg\" alt=\"\" class=\"wp-image-4271\" style=\"width:70px\" srcset=\"https:\/\/hopo.ch\/wp-content\/uploads\/2025\/04\/000-Flagge-Portugal-51.jpg 444w, https:\/\/hopo.ch\/wp-content\/uploads\/2025\/04\/000-Flagge-Portugal-51-300x242.jpg 300w\" sizes=\"auto, (max-width: 444px) 100vw, 444px\" \/><\/figure>\n<\/div>\n\n\n<p class=\"has-medium-font-size\">24. April 2025 \/ Portugal \/ Santar\u00e9m \/ Largo do Semin\u00e1rio<br><\/p>\n\n\n\n<p class=\"has-small-font-size\">Wir haben uns entschieden und wollen nochmals nach Lissabon, um uns die tolle Stadt auch noch bei sch\u00f6nem Wetter anzuschauen. Von F\u00e1tima aus sind wir daher wieder s\u00fcdw\u00e4rts gefahren und haben uns noch Santar\u00e9m angeschaut. Santar\u00e9m z\u00e4hlt 280&#8217;000 Einwohner und ist bekannt f\u00fcr viele Geb\u00e4ude und Kirchen, die im gotischen Stil erbaut wurden. Santar\u00e9m wird daher oft auch als portugiesische Hauptstadt der Gotik bezeichnet. Beim Spaziergang durch die Stadt durften wir herrliches Fr\u00fchlingswetter geniessen. Wir sind uns allerdings nicht ganz sicher, ob man bei 29 Grad W\u00e4rme \u00fcberhaupt noch von Fr\u00fchling sprechen darf.<\/p>\n","protected":false},"excerpt":{"rendered":"<p>24. April 2025 \/ Portugal \/ Santar\u00e9m \/ Largo do Semin\u00e1rio Wir haben uns entschieden und wollen nochmals nach Lissabon, um uns die tolle Stadt auch noch bei sch\u00f6nem Wetter anzuschauen. Von F\u00e1tima aus sind wir daher wieder s\u00fcdw\u00e4rts gefahren und haben uns noch Santar\u00e9m angeschaut. Santar\u00e9m z\u00e4hlt 280&#8217;000 Einwohner und ist bekannt f\u00fcr viele &hellip; <a href=\"https:\/\/hopo.ch\/?p=4269\" class=\"more-link\"><span class=\"screen-reader-text\">Santar\u00e9m<\/span> weiterlesen<\/a><\/p>\n","protected":false},"author":1,"featured_media":0,"comment_status":"open","ping_status":"open","sticky":false,"template":"","format":"standard","meta":{"_jetpack_memberships_contains_paid_content":false,"footnotes":""},"categories":[977],"tags":[64,16,1051,978,1050],"class_list":["post-4269","post","type-post","status-publish","format-standard","hentry","category-2025a-portugal","tag-hopo","tag-kurt-gfeller","tag-largo-do-seminario","tag-portugal","tag-santarem"],"jetpack_featured_media_url":"","jetpack_sharing_enabled":true,"_links":{"self":[{"href":"https:\/\/hopo.ch\/index.php?rest_route=\/wp\/v2\/posts\/4269","targetHints":{"allow":["GET"]}}],"collection":[{"href":"https:\/\/hopo.ch\/index.php?rest_route=\/wp\/v2\/posts"}],"about":[{"href":"https:\/\/hopo.ch\/index.php?rest_route=\/wp\/v2\/types\/post"}],"author":[{"embeddable":true,"href":"https:\/\/hopo.ch\/index.php?rest_route=\/wp\/v2\/users\/1"}],"replies":[{"embeddable":true,"href":"https:\/\/hopo.ch\/index.php?rest_route=%2Fwp%2Fv2%2Fcomments&post=4269"}],"version-history":[{"count":1,"href":"https:\/\/hopo.ch\/index.php?rest_route=\/wp\/v2\/posts\/4269\/revisions"}],"predecessor-version":[{"id":4272,"href":"https:\/\/hopo.ch\/index.php?rest_route=\/wp\/v2\/posts\/4269\/revisions\/4272"}],"wp:attachment":[{"href":"https:\/\/hopo.ch\/index.php?rest_route=%2Fwp%2Fv2%2Fmedia&parent=4269"}],"wp:term":[{"taxonomy":"category","embeddable":true,"href":"https:\/\/hopo.ch\/index.php?rest_route=%2Fwp%2Fv2%2Fcategories&post=4269"},{"taxonomy":"post_tag","embeddable":true,"href":"https:\/\/hopo.ch\/index.php?rest_route=%2Fwp%2Fv2%2Ftags&post=4269"}],"curies":[{"name":"wp","href":"https:\/\/api.w.org\/{rel}","templated":true}]}}