{"id":4261,"date":"2025-04-24T23:35:43","date_gmt":"2025-04-24T21:35:43","guid":{"rendered":"https:\/\/hopo.ch\/?p=4261"},"modified":"2025-04-24T23:36:10","modified_gmt":"2025-04-24T21:36:10","slug":"levada-de-tomar","status":"publish","type":"post","link":"https:\/\/hopo.ch\/?p=4261","title":{"rendered":"Levada de Tomar"},"content":{"rendered":"\n<figure class=\"wp-block-image size-large\"><img loading=\"lazy\" decoding=\"async\" width=\"1024\" height=\"747\" src=\"https:\/\/hopo.ch\/wp-content\/uploads\/2025\/04\/2025-04-24c-Tomar-Levada-de-Tomar-1024x747.jpg\" alt=\"\" class=\"wp-image-4262\" srcset=\"https:\/\/hopo.ch\/wp-content\/uploads\/2025\/04\/2025-04-24c-Tomar-Levada-de-Tomar-1024x747.jpg 1024w, https:\/\/hopo.ch\/wp-content\/uploads\/2025\/04\/2025-04-24c-Tomar-Levada-de-Tomar-300x219.jpg 300w, https:\/\/hopo.ch\/wp-content\/uploads\/2025\/04\/2025-04-24c-Tomar-Levada-de-Tomar-768x560.jpg 768w, https:\/\/hopo.ch\/wp-content\/uploads\/2025\/04\/2025-04-24c-Tomar-Levada-de-Tomar.jpg 1053w\" sizes=\"auto, (max-width: 1024px) 100vw, 1024px\" \/><\/figure>\n\n\n<div class=\"wp-block-image\">\n<figure class=\"alignleft size-full is-resized\"><img loading=\"lazy\" decoding=\"async\" width=\"444\" height=\"358\" src=\"https:\/\/hopo.ch\/wp-content\/uploads\/2025\/04\/000-Flagge-Portugal-49.jpg\" alt=\"\" class=\"wp-image-4263\" style=\"width:70px\" srcset=\"https:\/\/hopo.ch\/wp-content\/uploads\/2025\/04\/000-Flagge-Portugal-49.jpg 444w, https:\/\/hopo.ch\/wp-content\/uploads\/2025\/04\/000-Flagge-Portugal-49-300x242.jpg 300w\" sizes=\"auto, (max-width: 444px) 100vw, 444px\" \/><\/figure>\n<\/div>\n\n\n<p class=\"has-medium-font-size\">24. April 2025 \/ Portugal \/ Tomar \/ Levada de Tomar<br><\/p>\n\n\n\n<p class=\"has-small-font-size\">Nicht nur Schl\u00f6sser, Burgen, Kirchen und Stadtpl\u00e4tze k\u00f6nnen sehr fotogen sein, sondern auch alte Industrieanlagen. Auf einer Insel im Rio Nab\u00e3o mitten in Tomar stehen eine alte M\u00fchle und ein altes Kraftwerk. Die Geb\u00e4ude werden heute f\u00fcr Kulturveranstaltungen genutzt. Und sie sehen pr\u00e4chtig aus.<\/p>\n","protected":false},"excerpt":{"rendered":"<p>24. April 2025 \/ Portugal \/ Tomar \/ Levada de Tomar Nicht nur Schl\u00f6sser, Burgen, Kirchen und Stadtpl\u00e4tze k\u00f6nnen sehr fotogen sein, sondern auch alte Industrieanlagen. Auf einer Insel im Rio Nab\u00e3o mitten in Tomar stehen eine alte M\u00fchle und ein altes Kraftwerk. Die Geb\u00e4ude werden heute f\u00fcr Kulturveranstaltungen genutzt. Und sie sehen pr\u00e4chtig aus.<\/p>\n","protected":false},"author":1,"featured_media":0,"comment_status":"open","ping_status":"open","sticky":false,"template":"","format":"standard","meta":{"_jetpack_memberships_contains_paid_content":false,"footnotes":""},"categories":[977],"tags":[64,16,1047,978,1045],"class_list":["post-4261","post","type-post","status-publish","format-standard","hentry","category-2025a-portugal","tag-hopo","tag-kurt-gfeller","tag-levada-de-tomar","tag-portugal","tag-tomar"],"jetpack_featured_media_url":"","jetpack_sharing_enabled":true,"_links":{"self":[{"href":"https:\/\/hopo.ch\/index.php?rest_route=\/wp\/v2\/posts\/4261","targetHints":{"allow":["GET"]}}],"collection":[{"href":"https:\/\/hopo.ch\/index.php?rest_route=\/wp\/v2\/posts"}],"about":[{"href":"https:\/\/hopo.ch\/index.php?rest_route=\/wp\/v2\/types\/post"}],"author":[{"embeddable":true,"href":"https:\/\/hopo.ch\/index.php?rest_route=\/wp\/v2\/users\/1"}],"replies":[{"embeddable":true,"href":"https:\/\/hopo.ch\/index.php?rest_route=%2Fwp%2Fv2%2Fcomments&post=4261"}],"version-history":[{"count":1,"href":"https:\/\/hopo.ch\/index.php?rest_route=\/wp\/v2\/posts\/4261\/revisions"}],"predecessor-version":[{"id":4264,"href":"https:\/\/hopo.ch\/index.php?rest_route=\/wp\/v2\/posts\/4261\/revisions\/4264"}],"wp:attachment":[{"href":"https:\/\/hopo.ch\/index.php?rest_route=%2Fwp%2Fv2%2Fmedia&parent=4261"}],"wp:term":[{"taxonomy":"category","embeddable":true,"href":"https:\/\/hopo.ch\/index.php?rest_route=%2Fwp%2Fv2%2Fcategories&post=4261"},{"taxonomy":"post_tag","embeddable":true,"href":"https:\/\/hopo.ch\/index.php?rest_route=%2Fwp%2Fv2%2Ftags&post=4261"}],"curies":[{"name":"wp","href":"https:\/\/api.w.org\/{rel}","templated":true}]}}