{"id":4253,"date":"2025-04-24T23:29:19","date_gmt":"2025-04-24T21:29:19","guid":{"rendered":"https:\/\/hopo.ch\/?p=4253"},"modified":"2025-04-24T23:29:46","modified_gmt":"2025-04-24T21:29:46","slug":"burg-von-almourol","status":"publish","type":"post","link":"https:\/\/hopo.ch\/?p=4253","title":{"rendered":"Burg von Almourol"},"content":{"rendered":"\n<figure class=\"wp-block-image size-large\"><img loading=\"lazy\" decoding=\"async\" width=\"1024\" height=\"704\" src=\"https:\/\/hopo.ch\/wp-content\/uploads\/2025\/04\/2025-04-24a-Almourol-Castelo-1024x704.jpg\" alt=\"\" class=\"wp-image-4254\" srcset=\"https:\/\/hopo.ch\/wp-content\/uploads\/2025\/04\/2025-04-24a-Almourol-Castelo-1024x704.jpg 1024w, https:\/\/hopo.ch\/wp-content\/uploads\/2025\/04\/2025-04-24a-Almourol-Castelo-300x206.jpg 300w, https:\/\/hopo.ch\/wp-content\/uploads\/2025\/04\/2025-04-24a-Almourol-Castelo-768x528.jpg 768w, https:\/\/hopo.ch\/wp-content\/uploads\/2025\/04\/2025-04-24a-Almourol-Castelo.jpg 1117w\" sizes=\"auto, (max-width: 1024px) 100vw, 1024px\" \/><\/figure>\n\n\n<div class=\"wp-block-image\">\n<figure class=\"alignleft size-full is-resized\"><img loading=\"lazy\" decoding=\"async\" width=\"444\" height=\"358\" src=\"https:\/\/hopo.ch\/wp-content\/uploads\/2025\/04\/000-Flagge-Portugal-47.jpg\" alt=\"\" class=\"wp-image-4255\" style=\"width:70px\" srcset=\"https:\/\/hopo.ch\/wp-content\/uploads\/2025\/04\/000-Flagge-Portugal-47.jpg 444w, https:\/\/hopo.ch\/wp-content\/uploads\/2025\/04\/000-Flagge-Portugal-47-300x242.jpg 300w\" sizes=\"auto, (max-width: 444px) 100vw, 444px\" \/><\/figure>\n<\/div>\n\n\n<p class=\"has-medium-font-size\">24. April 2025 \/ Portugal \/ Almourol \/ Castelo<br><\/p>\n\n\n\n<p class=\"has-small-font-size\">Die portugiesischen Wetterfr\u00f6sche haben uns f\u00fcr heute einen Prachttag vorausgesagt. Beim \u00d6ffnen der Rollos am fr\u00fchen Morgen kamen allerdings Zweifel an deren Treffsicherheit auf. Hopo war im Nebel eingeh\u00fcllt. Ganz offensichtlich zieht nicht nur die Aare den Nebel an, sondern auch der Tejo, an dessen Ufer wir \u00fcbernachtet haben. Zum Gl\u00fcck hat sich dieser aber relativ rasch aufgel\u00f6st. Als wir zwanzig Kilometer flussabw\u00e4rts bei der Burg von Almourol einen Halt einlegten, war das Top-Wetter tats\u00e4chlich da. Die Burg liegt idyllisch auf einer kleinen Insel mitten im Tejo.<\/p>\n\n\n\n<p><\/p>\n","protected":false},"excerpt":{"rendered":"<p>24. April 2025 \/ Portugal \/ Almourol \/ Castelo Die portugiesischen Wetterfr\u00f6sche haben uns f\u00fcr heute einen Prachttag vorausgesagt. Beim \u00d6ffnen der Rollos am fr\u00fchen Morgen kamen allerdings Zweifel an deren Treffsicherheit auf. Hopo war im Nebel eingeh\u00fcllt. Ganz offensichtlich zieht nicht nur die Aare den Nebel an, sondern auch der Tejo, an dessen Ufer &hellip; <a href=\"https:\/\/hopo.ch\/?p=4253\" class=\"more-link\"><span class=\"screen-reader-text\">Burg von Almourol<\/span> weiterlesen<\/a><\/p>\n","protected":false},"author":1,"featured_media":0,"comment_status":"open","ping_status":"open","sticky":false,"template":"","format":"standard","meta":{"_jetpack_memberships_contains_paid_content":false,"footnotes":""},"categories":[977],"tags":[1044,1005,64,16,978],"class_list":["post-4253","post","type-post","status-publish","format-standard","hentry","category-2025a-portugal","tag-almourol","tag-castelo","tag-hopo","tag-kurt-gfeller","tag-portugal"],"jetpack_featured_media_url":"","jetpack_sharing_enabled":true,"_links":{"self":[{"href":"https:\/\/hopo.ch\/index.php?rest_route=\/wp\/v2\/posts\/4253","targetHints":{"allow":["GET"]}}],"collection":[{"href":"https:\/\/hopo.ch\/index.php?rest_route=\/wp\/v2\/posts"}],"about":[{"href":"https:\/\/hopo.ch\/index.php?rest_route=\/wp\/v2\/types\/post"}],"author":[{"embeddable":true,"href":"https:\/\/hopo.ch\/index.php?rest_route=\/wp\/v2\/users\/1"}],"replies":[{"embeddable":true,"href":"https:\/\/hopo.ch\/index.php?rest_route=%2Fwp%2Fv2%2Fcomments&post=4253"}],"version-history":[{"count":1,"href":"https:\/\/hopo.ch\/index.php?rest_route=\/wp\/v2\/posts\/4253\/revisions"}],"predecessor-version":[{"id":4256,"href":"https:\/\/hopo.ch\/index.php?rest_route=\/wp\/v2\/posts\/4253\/revisions\/4256"}],"wp:attachment":[{"href":"https:\/\/hopo.ch\/index.php?rest_route=%2Fwp%2Fv2%2Fmedia&parent=4253"}],"wp:term":[{"taxonomy":"category","embeddable":true,"href":"https:\/\/hopo.ch\/index.php?rest_route=%2Fwp%2Fv2%2Fcategories&post=4253"},{"taxonomy":"post_tag","embeddable":true,"href":"https:\/\/hopo.ch\/index.php?rest_route=%2Fwp%2Fv2%2Ftags&post=4253"}],"curies":[{"name":"wp","href":"https:\/\/api.w.org\/{rel}","templated":true}]}}