{"id":4239,"date":"2025-04-23T22:37:17","date_gmt":"2025-04-23T20:37:17","guid":{"rendered":"https:\/\/hopo.ch\/?p=4239"},"modified":"2025-04-23T22:37:51","modified_gmt":"2025-04-23T20:37:51","slug":"castelo-de-vide","status":"publish","type":"post","link":"https:\/\/hopo.ch\/?p=4239","title":{"rendered":"Castelo de Vide"},"content":{"rendered":"\n<figure class=\"wp-block-image size-large\"><img loading=\"lazy\" decoding=\"async\" width=\"1024\" height=\"743\" src=\"https:\/\/hopo.ch\/wp-content\/uploads\/2025\/04\/2025-04-23d-Castelo-de-Vide-Praca-Dom-Pedro-V-1024x743.jpg\" alt=\"\" class=\"wp-image-4240\" srcset=\"https:\/\/hopo.ch\/wp-content\/uploads\/2025\/04\/2025-04-23d-Castelo-de-Vide-Praca-Dom-Pedro-V-1024x743.jpg 1024w, https:\/\/hopo.ch\/wp-content\/uploads\/2025\/04\/2025-04-23d-Castelo-de-Vide-Praca-Dom-Pedro-V-300x218.jpg 300w, https:\/\/hopo.ch\/wp-content\/uploads\/2025\/04\/2025-04-23d-Castelo-de-Vide-Praca-Dom-Pedro-V-768x557.jpg 768w, https:\/\/hopo.ch\/wp-content\/uploads\/2025\/04\/2025-04-23d-Castelo-de-Vide-Praca-Dom-Pedro-V.jpg 1058w\" sizes=\"auto, (max-width: 1024px) 100vw, 1024px\" \/><\/figure>\n\n\n<div class=\"wp-block-image\">\n<figure class=\"alignleft size-full is-resized\"><img loading=\"lazy\" decoding=\"async\" width=\"444\" height=\"358\" src=\"https:\/\/hopo.ch\/wp-content\/uploads\/2025\/04\/000-Flagge-Portugal-44.jpg\" alt=\"\" class=\"wp-image-4241\" style=\"width:70px\" srcset=\"https:\/\/hopo.ch\/wp-content\/uploads\/2025\/04\/000-Flagge-Portugal-44.jpg 444w, https:\/\/hopo.ch\/wp-content\/uploads\/2025\/04\/000-Flagge-Portugal-44-300x242.jpg 300w\" sizes=\"auto, (max-width: 444px) 100vw, 444px\" \/><\/figure>\n<\/div>\n\n\n<p class=\"has-medium-font-size\">23. April 2025 \/ Portugal \/ Castelo de Vide \/ Pra\u00e7a Dom Pedro V<br><\/p>\n\n\n\n<p class=\"has-small-font-size\">Castelo de Vide liegt nur knapp zehn Kilometer westlich von Marv\u00e3o. Auch dieses St\u00e4dtchen mit gut 3&#8217;000 Einwohnern ist sehr sch\u00f6n, kann aber nicht ganz mit Marv\u00e3o mithalten (der Vergleich ist nicht ganz fair, weil Marv\u00e3o wirklich eine spezielle Perle ist). Castelo de Vide ist bekannt f\u00fcr seine Natursch\u00e4tze und f\u00fcr die Thermalquellen, deren Heilwasser aus verschiedenen Brunnen sprudelt. Wie es der Name des Ortes bereits andeutet, wird Castelo de Vide von einer m\u00e4chtigen Burg \u00fcberragt. Sch\u00f6n ist auch der grossz\u00fcgige Stadtplatz, an dem zwei Kirchen und stattliche B\u00fcrgerh\u00e4user zu finden sind.<\/p>\n","protected":false},"excerpt":{"rendered":"<p>23. April 2025 \/ Portugal \/ Castelo de Vide \/ Pra\u00e7a Dom Pedro V Castelo de Vide liegt nur knapp zehn Kilometer westlich von Marv\u00e3o. Auch dieses St\u00e4dtchen mit gut 3&#8217;000 Einwohnern ist sehr sch\u00f6n, kann aber nicht ganz mit Marv\u00e3o mithalten (der Vergleich ist nicht ganz fair, weil Marv\u00e3o wirklich eine spezielle Perle ist). &hellip; <a href=\"https:\/\/hopo.ch\/?p=4239\" class=\"more-link\"><span class=\"screen-reader-text\">Castelo de Vide<\/span> weiterlesen<\/a><\/p>\n","protected":false},"author":1,"featured_media":0,"comment_status":"open","ping_status":"open","sticky":false,"template":"","format":"standard","meta":{"_jetpack_memberships_contains_paid_content":false,"footnotes":""},"categories":[977],"tags":[1040,64,16,978,1041],"class_list":["post-4239","post","type-post","status-publish","format-standard","hentry","category-2025a-portugal","tag-castelo-de-vide","tag-hopo","tag-kurt-gfeller","tag-portugal","tag-praca-dom-pedro-v"],"jetpack_featured_media_url":"","jetpack_sharing_enabled":true,"_links":{"self":[{"href":"https:\/\/hopo.ch\/index.php?rest_route=\/wp\/v2\/posts\/4239","targetHints":{"allow":["GET"]}}],"collection":[{"href":"https:\/\/hopo.ch\/index.php?rest_route=\/wp\/v2\/posts"}],"about":[{"href":"https:\/\/hopo.ch\/index.php?rest_route=\/wp\/v2\/types\/post"}],"author":[{"embeddable":true,"href":"https:\/\/hopo.ch\/index.php?rest_route=\/wp\/v2\/users\/1"}],"replies":[{"embeddable":true,"href":"https:\/\/hopo.ch\/index.php?rest_route=%2Fwp%2Fv2%2Fcomments&post=4239"}],"version-history":[{"count":1,"href":"https:\/\/hopo.ch\/index.php?rest_route=\/wp\/v2\/posts\/4239\/revisions"}],"predecessor-version":[{"id":4242,"href":"https:\/\/hopo.ch\/index.php?rest_route=\/wp\/v2\/posts\/4239\/revisions\/4242"}],"wp:attachment":[{"href":"https:\/\/hopo.ch\/index.php?rest_route=%2Fwp%2Fv2%2Fmedia&parent=4239"}],"wp:term":[{"taxonomy":"category","embeddable":true,"href":"https:\/\/hopo.ch\/index.php?rest_route=%2Fwp%2Fv2%2Fcategories&post=4239"},{"taxonomy":"post_tag","embeddable":true,"href":"https:\/\/hopo.ch\/index.php?rest_route=%2Fwp%2Fv2%2Ftags&post=4239"}],"curies":[{"name":"wp","href":"https:\/\/api.w.org\/{rel}","templated":true}]}}