{"id":4231,"date":"2025-04-23T22:30:48","date_gmt":"2025-04-23T20:30:48","guid":{"rendered":"https:\/\/hopo.ch\/?p=4231"},"modified":"2025-04-23T22:31:30","modified_gmt":"2025-04-23T20:31:30","slug":"portalegre","status":"publish","type":"post","link":"https:\/\/hopo.ch\/?p=4231","title":{"rendered":"Portalegre"},"content":{"rendered":"\n<figure class=\"wp-block-image size-large\"><img loading=\"lazy\" decoding=\"async\" width=\"1024\" height=\"700\" src=\"https:\/\/hopo.ch\/wp-content\/uploads\/2025\/04\/2025-04-23b-Portalegre-Kathedrale-1024x700.jpg\" alt=\"\" class=\"wp-image-4232\" srcset=\"https:\/\/hopo.ch\/wp-content\/uploads\/2025\/04\/2025-04-23b-Portalegre-Kathedrale-1024x700.jpg 1024w, https:\/\/hopo.ch\/wp-content\/uploads\/2025\/04\/2025-04-23b-Portalegre-Kathedrale-300x205.jpg 300w, https:\/\/hopo.ch\/wp-content\/uploads\/2025\/04\/2025-04-23b-Portalegre-Kathedrale-768x525.jpg 768w, https:\/\/hopo.ch\/wp-content\/uploads\/2025\/04\/2025-04-23b-Portalegre-Kathedrale.jpg 1123w\" sizes=\"auto, (max-width: 1024px) 100vw, 1024px\" \/><\/figure>\n\n\n<div class=\"wp-block-image\">\n<figure class=\"alignleft size-full is-resized\"><img loading=\"lazy\" decoding=\"async\" width=\"444\" height=\"358\" src=\"https:\/\/hopo.ch\/wp-content\/uploads\/2025\/04\/000-Flagge-Portugal-42.jpg\" alt=\"\" class=\"wp-image-4233\" style=\"width:70px\" srcset=\"https:\/\/hopo.ch\/wp-content\/uploads\/2025\/04\/000-Flagge-Portugal-42.jpg 444w, https:\/\/hopo.ch\/wp-content\/uploads\/2025\/04\/000-Flagge-Portugal-42-300x242.jpg 300w\" sizes=\"auto, (max-width: 444px) 100vw, 444px\" \/><\/figure>\n<\/div>\n\n\n<p class=\"has-medium-font-size\">23. April 2025 \/ Portugal \/ Portalegre \/ Kathedrale<br><\/p>\n\n\n\n<p class=\"has-small-font-size\">Wir hinken wieder eine Stunde hinterher. Bei unserer R\u00fcckkehr nach Portugal sind wir wieder in die westeurop\u00e4ische Zeitzone eingetaucht. Die Stunde, die uns gestern &#8222;gestohlen&#8220; wurde, wurde uns heute r\u00fcckerstattet. Auf dem Weg nach Marv\u00e3o haben wir einen kurzen Stopp in Portalegre eingelegt. Allzu viel hat die Stadt nicht zu bieten. Die Burg ist gut in den Altstadth\u00e4usern eingebettet und kaum sichtbar. Reizvoll ist eigentlich nur der Rathausplatz mit der Kathedrale und dem Rathaus. Der Halt hat sich aber gleichwohl geloht. Eine Pause war ohnehin f\u00e4llig und ein paar Schritte schaden nie.<\/p>\n\n\n\n<p><\/p>\n","protected":false},"excerpt":{"rendered":"<p>23. April 2025 \/ Portugal \/ Portalegre \/ Kathedrale Wir hinken wieder eine Stunde hinterher. Bei unserer R\u00fcckkehr nach Portugal sind wir wieder in die westeurop\u00e4ische Zeitzone eingetaucht. Die Stunde, die uns gestern &#8222;gestohlen&#8220; wurde, wurde uns heute r\u00fcckerstattet. Auf dem Weg nach Marv\u00e3o haben wir einen kurzen Stopp in Portalegre eingelegt. Allzu viel hat &hellip; <a href=\"https:\/\/hopo.ch\/?p=4231\" class=\"more-link\"><span class=\"screen-reader-text\">Portalegre<\/span> weiterlesen<\/a><\/p>\n","protected":false},"author":1,"featured_media":0,"comment_status":"open","ping_status":"open","sticky":false,"template":"","format":"standard","meta":{"_jetpack_memberships_contains_paid_content":false,"footnotes":""},"categories":[977],"tags":[64,16,1038,978],"class_list":["post-4231","post","type-post","status-publish","format-standard","hentry","category-2025a-portugal","tag-hopo","tag-kurt-gfeller","tag-portalegre-kathedrale","tag-portugal"],"jetpack_featured_media_url":"","jetpack_sharing_enabled":true,"_links":{"self":[{"href":"https:\/\/hopo.ch\/index.php?rest_route=\/wp\/v2\/posts\/4231","targetHints":{"allow":["GET"]}}],"collection":[{"href":"https:\/\/hopo.ch\/index.php?rest_route=\/wp\/v2\/posts"}],"about":[{"href":"https:\/\/hopo.ch\/index.php?rest_route=\/wp\/v2\/types\/post"}],"author":[{"embeddable":true,"href":"https:\/\/hopo.ch\/index.php?rest_route=\/wp\/v2\/users\/1"}],"replies":[{"embeddable":true,"href":"https:\/\/hopo.ch\/index.php?rest_route=%2Fwp%2Fv2%2Fcomments&post=4231"}],"version-history":[{"count":1,"href":"https:\/\/hopo.ch\/index.php?rest_route=\/wp\/v2\/posts\/4231\/revisions"}],"predecessor-version":[{"id":4234,"href":"https:\/\/hopo.ch\/index.php?rest_route=\/wp\/v2\/posts\/4231\/revisions\/4234"}],"wp:attachment":[{"href":"https:\/\/hopo.ch\/index.php?rest_route=%2Fwp%2Fv2%2Fmedia&parent=4231"}],"wp:term":[{"taxonomy":"category","embeddable":true,"href":"https:\/\/hopo.ch\/index.php?rest_route=%2Fwp%2Fv2%2Fcategories&post=4231"},{"taxonomy":"post_tag","embeddable":true,"href":"https:\/\/hopo.ch\/index.php?rest_route=%2Fwp%2Fv2%2Ftags&post=4231"}],"curies":[{"name":"wp","href":"https:\/\/api.w.org\/{rel}","templated":true}]}}