{"id":4191,"date":"2025-04-21T20:52:48","date_gmt":"2025-04-21T18:52:48","guid":{"rendered":"https:\/\/hopo.ch\/?p=4191"},"modified":"2025-04-22T22:30:42","modified_gmt":"2025-04-22T20:30:42","slug":"evora-und-sein-roemischer-tempel","status":"publish","type":"post","link":"https:\/\/hopo.ch\/?p=4191","title":{"rendered":"\u00c9vora und sein r\u00f6mischer Tempel"},"content":{"rendered":"\n<figure class=\"wp-block-image size-large\"><img loading=\"lazy\" decoding=\"async\" width=\"1024\" height=\"707\" src=\"https:\/\/hopo.ch\/wp-content\/uploads\/2025\/04\/2025-04-21b-Evora-Templo-Romano-1-1024x707.jpg\" alt=\"\" class=\"wp-image-4197\" srcset=\"https:\/\/hopo.ch\/wp-content\/uploads\/2025\/04\/2025-04-21b-Evora-Templo-Romano-1-1024x707.jpg 1024w, https:\/\/hopo.ch\/wp-content\/uploads\/2025\/04\/2025-04-21b-Evora-Templo-Romano-1-300x207.jpg 300w, https:\/\/hopo.ch\/wp-content\/uploads\/2025\/04\/2025-04-21b-Evora-Templo-Romano-1-768x530.jpg 768w, https:\/\/hopo.ch\/wp-content\/uploads\/2025\/04\/2025-04-21b-Evora-Templo-Romano-1.jpg 1113w\" sizes=\"auto, (max-width: 1024px) 100vw, 1024px\" \/><\/figure>\n\n\n<div class=\"wp-block-image\">\n<figure class=\"alignleft size-full is-resized\"><img loading=\"lazy\" decoding=\"async\" width=\"444\" height=\"358\" src=\"https:\/\/hopo.ch\/wp-content\/uploads\/2025\/04\/000-Flagge-Portugal-37.jpg\" alt=\"\" class=\"wp-image-4193\" style=\"width:70px\" srcset=\"https:\/\/hopo.ch\/wp-content\/uploads\/2025\/04\/000-Flagge-Portugal-37.jpg 444w, https:\/\/hopo.ch\/wp-content\/uploads\/2025\/04\/000-Flagge-Portugal-37-300x242.jpg 300w\" sizes=\"auto, (max-width: 444px) 100vw, 444px\" \/><\/figure>\n<\/div>\n\n\n<p class=\"has-medium-font-size\">21. April 2025 \/ Portugal \/ \u00c9vora \/ Templo Romano<br><\/p>\n\n\n\n<p class=\"has-small-font-size\">Ziel unserer heutigen Reise war \u00c9vora. Die Stadt liegt mit ihren knapp 60&#8217;000 Einwohnern rund 150 Kilometer \u00f6stlich von Lissabon in der Region Alentejo. \u00c9vora besitzt eine sehr sch\u00f6ne Altstadt. Ihr historisches Zentrum geh\u00f6rt bereits seit 1986 zum Weltkulturerbe der UNESCO. Die Stadt wurde im Laufe der Jahrhunderte von vielen Kulturen gepr\u00e4gt. Die R\u00f6mer, die Mauren und die portugiesischen K\u00f6nige des Mittelalters hinterliessen hier ihre Spuren. Speziell sch\u00f6n ist der Platz zuoberst in der Altstadt, auf dem die Ruinen eines r\u00f6mischen Tempels (im 1. Jahrhundert nach Christus zu Ehren von Augustus errichtet), die Kathedrale und einige Museen zu finden sind. \u00c9vora hat aber auch sonst viele h\u00fcbsche Ecken zu bieten. Trotz tr\u00fcbem Wetter hat sich unser Abstecher hierhin gelohnt.<\/p>\n\n\n\n<p><\/p>\n","protected":false},"excerpt":{"rendered":"<p>21. April 2025 \/ Portugal \/ \u00c9vora \/ Templo Romano Ziel unserer heutigen Reise war \u00c9vora. Die Stadt liegt mit ihren knapp 60&#8217;000 Einwohnern rund 150 Kilometer \u00f6stlich von Lissabon in der Region Alentejo. \u00c9vora besitzt eine sehr sch\u00f6ne Altstadt. Ihr historisches Zentrum geh\u00f6rt bereits seit 1986 zum Weltkulturerbe der UNESCO. Die Stadt wurde im &hellip; <a href=\"https:\/\/hopo.ch\/?p=4191\" class=\"more-link\"><span class=\"screen-reader-text\">\u00c9vora und sein r\u00f6mischer Tempel<\/span> weiterlesen<\/a><\/p>\n","protected":false},"author":1,"featured_media":0,"comment_status":"open","ping_status":"open","sticky":false,"template":"","format":"standard","meta":{"_jetpack_memberships_contains_paid_content":false,"footnotes":""},"categories":[977],"tags":[1025,64,16,978,1026],"class_list":["post-4191","post","type-post","status-publish","format-standard","hentry","category-2025a-portugal","tag-evora","tag-hopo","tag-kurt-gfeller","tag-portugal","tag-templo-romano"],"jetpack_featured_media_url":"","jetpack_sharing_enabled":true,"_links":{"self":[{"href":"https:\/\/hopo.ch\/index.php?rest_route=\/wp\/v2\/posts\/4191","targetHints":{"allow":["GET"]}}],"collection":[{"href":"https:\/\/hopo.ch\/index.php?rest_route=\/wp\/v2\/posts"}],"about":[{"href":"https:\/\/hopo.ch\/index.php?rest_route=\/wp\/v2\/types\/post"}],"author":[{"embeddable":true,"href":"https:\/\/hopo.ch\/index.php?rest_route=\/wp\/v2\/users\/1"}],"replies":[{"embeddable":true,"href":"https:\/\/hopo.ch\/index.php?rest_route=%2Fwp%2Fv2%2Fcomments&post=4191"}],"version-history":[{"count":2,"href":"https:\/\/hopo.ch\/index.php?rest_route=\/wp\/v2\/posts\/4191\/revisions"}],"predecessor-version":[{"id":4198,"href":"https:\/\/hopo.ch\/index.php?rest_route=\/wp\/v2\/posts\/4191\/revisions\/4198"}],"wp:attachment":[{"href":"https:\/\/hopo.ch\/index.php?rest_route=%2Fwp%2Fv2%2Fmedia&parent=4191"}],"wp:term":[{"taxonomy":"category","embeddable":true,"href":"https:\/\/hopo.ch\/index.php?rest_route=%2Fwp%2Fv2%2Fcategories&post=4191"},{"taxonomy":"post_tag","embeddable":true,"href":"https:\/\/hopo.ch\/index.php?rest_route=%2Fwp%2Fv2%2Ftags&post=4191"}],"curies":[{"name":"wp","href":"https:\/\/api.w.org\/{rel}","templated":true}]}}