{"id":4161,"date":"2025-04-19T20:56:05","date_gmt":"2025-04-19T18:56:05","guid":{"rendered":"https:\/\/hopo.ch\/?p=4161"},"modified":"2025-04-19T20:56:43","modified_gmt":"2025-04-19T18:56:43","slug":"praia-de-odeceixe","status":"publish","type":"post","link":"https:\/\/hopo.ch\/?p=4161","title":{"rendered":"Praia de Odeceixe"},"content":{"rendered":"\n<figure class=\"wp-block-image size-large\"><img loading=\"lazy\" decoding=\"async\" width=\"1024\" height=\"720\" src=\"https:\/\/hopo.ch\/wp-content\/uploads\/2025\/04\/2025-04-19a-Odeceixe-Praia-de-Odeceixe-Mar-1024x720.jpg\" alt=\"\" class=\"wp-image-4162\" srcset=\"https:\/\/hopo.ch\/wp-content\/uploads\/2025\/04\/2025-04-19a-Odeceixe-Praia-de-Odeceixe-Mar-1024x720.jpg 1024w, https:\/\/hopo.ch\/wp-content\/uploads\/2025\/04\/2025-04-19a-Odeceixe-Praia-de-Odeceixe-Mar-300x211.jpg 300w, https:\/\/hopo.ch\/wp-content\/uploads\/2025\/04\/2025-04-19a-Odeceixe-Praia-de-Odeceixe-Mar-768x540.jpg 768w, https:\/\/hopo.ch\/wp-content\/uploads\/2025\/04\/2025-04-19a-Odeceixe-Praia-de-Odeceixe-Mar.jpg 1093w\" sizes=\"auto, (max-width: 1024px) 100vw, 1024px\" \/><\/figure>\n\n\n<div class=\"wp-block-image\">\n<figure class=\"alignleft size-full is-resized\"><img loading=\"lazy\" decoding=\"async\" width=\"444\" height=\"358\" src=\"https:\/\/hopo.ch\/wp-content\/uploads\/2025\/04\/000-Flagge-Portugal-31.jpg\" alt=\"\" class=\"wp-image-4163\" style=\"width:70px\" srcset=\"https:\/\/hopo.ch\/wp-content\/uploads\/2025\/04\/000-Flagge-Portugal-31.jpg 444w, https:\/\/hopo.ch\/wp-content\/uploads\/2025\/04\/000-Flagge-Portugal-31-300x242.jpg 300w\" sizes=\"auto, (max-width: 444px) 100vw, 444px\" \/><\/figure>\n<\/div>\n\n\n<p class=\"has-medium-font-size\">19. April 2025 \/ Portugal \/ Odeceixe \/ Praia de Odeceixe-Mar<br><\/p>\n\n\n\n<p class=\"has-small-font-size\">Auf der Fahrt nach Lissabon haben wir einen kurzen Zwischenhalt in Odeceixe eingelegt. Gut zwei Kilometer westlich der Stadt fliesst der Ribeira de Seixe in den Atlantik. An der M\u00fcndung des Flusses liegt die wundersch\u00f6ne Praia de Odeceixe. Der Strand soll einer der sch\u00f6nsten an der ganzen portugiesischen Westk\u00fcste sein. Aufgrund der starken Brandung zieht er viele Surfer an. Heute Vormittag war es recht k\u00fchl, so dass wir den Strand noch fast menschenleer vorfanden. Die Praia de Odeceixe ist l\u00e4ngst kein Geheimtipp mehr. Im Sommer soll er viele Bedeg\u00e4ste anziehen. Der Strand ist aber so gross, dass man sich auch in der Hochsaison noch komfortabel ausbreiten k\u00f6nne. Einen Parkplatz zu finden soll deutlich schwieriger sein als einen Platz am Strand.<\/p>\n","protected":false},"excerpt":{"rendered":"<p>19. April 2025 \/ Portugal \/ Odeceixe \/ Praia de Odeceixe-Mar Auf der Fahrt nach Lissabon haben wir einen kurzen Zwischenhalt in Odeceixe eingelegt. Gut zwei Kilometer westlich der Stadt fliesst der Ribeira de Seixe in den Atlantik. An der M\u00fcndung des Flusses liegt die wundersch\u00f6ne Praia de Odeceixe. Der Strand soll einer der sch\u00f6nsten &hellip; <a href=\"https:\/\/hopo.ch\/?p=4161\" class=\"more-link\"><span class=\"screen-reader-text\">Praia de Odeceixe<\/span> weiterlesen<\/a><\/p>\n","protected":false},"author":1,"featured_media":0,"comment_status":"open","ping_status":"open","sticky":false,"template":"","format":"standard","meta":{"_jetpack_memberships_contains_paid_content":false,"footnotes":""},"categories":[977],"tags":[64,16,1016,978,1017],"class_list":["post-4161","post","type-post","status-publish","format-standard","hentry","category-2025a-portugal","tag-hopo","tag-kurt-gfeller","tag-odeceixe","tag-portugal","tag-praia-de-odeceixe-mar"],"jetpack_featured_media_url":"","jetpack_sharing_enabled":true,"_links":{"self":[{"href":"https:\/\/hopo.ch\/index.php?rest_route=\/wp\/v2\/posts\/4161","targetHints":{"allow":["GET"]}}],"collection":[{"href":"https:\/\/hopo.ch\/index.php?rest_route=\/wp\/v2\/posts"}],"about":[{"href":"https:\/\/hopo.ch\/index.php?rest_route=\/wp\/v2\/types\/post"}],"author":[{"embeddable":true,"href":"https:\/\/hopo.ch\/index.php?rest_route=\/wp\/v2\/users\/1"}],"replies":[{"embeddable":true,"href":"https:\/\/hopo.ch\/index.php?rest_route=%2Fwp%2Fv2%2Fcomments&post=4161"}],"version-history":[{"count":1,"href":"https:\/\/hopo.ch\/index.php?rest_route=\/wp\/v2\/posts\/4161\/revisions"}],"predecessor-version":[{"id":4164,"href":"https:\/\/hopo.ch\/index.php?rest_route=\/wp\/v2\/posts\/4161\/revisions\/4164"}],"wp:attachment":[{"href":"https:\/\/hopo.ch\/index.php?rest_route=%2Fwp%2Fv2%2Fmedia&parent=4161"}],"wp:term":[{"taxonomy":"category","embeddable":true,"href":"https:\/\/hopo.ch\/index.php?rest_route=%2Fwp%2Fv2%2Fcategories&post=4161"},{"taxonomy":"post_tag","embeddable":true,"href":"https:\/\/hopo.ch\/index.php?rest_route=%2Fwp%2Fv2%2Ftags&post=4161"}],"curies":[{"name":"wp","href":"https:\/\/api.w.org\/{rel}","templated":true}]}}