{"id":3732,"date":"2025-03-05T21:43:32","date_gmt":"2025-03-05T19:43:32","guid":{"rendered":"https:\/\/hopo.ch\/?p=3732"},"modified":"2025-03-05T21:44:07","modified_gmt":"2025-03-05T19:44:07","slug":"au-revoir-maroc","status":"publish","type":"post","link":"https:\/\/hopo.ch\/?p=3732","title":{"rendered":"Au revoir, Maroc"},"content":{"rendered":"\n<figure class=\"wp-block-image size-large\"><img loading=\"lazy\" decoding=\"async\" width=\"1024\" height=\"648\" src=\"https:\/\/hopo.ch\/wp-content\/uploads\/2025\/03\/2025-03-05a-Tanger-Med-Hafen-von-Faehre-aus-1024x648.jpg\" alt=\"\" class=\"wp-image-3733\" srcset=\"https:\/\/hopo.ch\/wp-content\/uploads\/2025\/03\/2025-03-05a-Tanger-Med-Hafen-von-Faehre-aus-1024x648.jpg 1024w, https:\/\/hopo.ch\/wp-content\/uploads\/2025\/03\/2025-03-05a-Tanger-Med-Hafen-von-Faehre-aus-300x190.jpg 300w, https:\/\/hopo.ch\/wp-content\/uploads\/2025\/03\/2025-03-05a-Tanger-Med-Hafen-von-Faehre-aus-768x486.jpg 768w, https:\/\/hopo.ch\/wp-content\/uploads\/2025\/03\/2025-03-05a-Tanger-Med-Hafen-von-Faehre-aus.jpg 1214w\" sizes=\"auto, (max-width: 1024px) 100vw, 1024px\" \/><\/figure>\n\n\n<div class=\"wp-block-image\">\n<figure class=\"alignleft size-full is-resized\"><img loading=\"lazy\" decoding=\"async\" width=\"443\" height=\"353\" src=\"https:\/\/hopo.ch\/wp-content\/uploads\/2025\/03\/000-Flagge-Marokko-11.jpg\" alt=\"\" class=\"wp-image-3734\" style=\"width:70px\" srcset=\"https:\/\/hopo.ch\/wp-content\/uploads\/2025\/03\/000-Flagge-Marokko-11.jpg 443w, https:\/\/hopo.ch\/wp-content\/uploads\/2025\/03\/000-Flagge-Marokko-11-300x239.jpg 300w\" sizes=\"auto, (max-width: 443px) 100vw, 443px\" \/><\/figure>\n<\/div>\n\n\n<p class=\"has-medium-font-size\">5. M\u00e4rz 2025 \/ Marokko \/ Tanger Med \/ Hafen von F\u00e4hre aus<br><\/p>\n\n\n\n<p class=\"has-small-font-size\">Der Himmel weint. Und uns ist es irgendwie auch danach zumute. Denn unsere Marokkoreise ist nun zu Ende. Schade, dass wir nur dreissig Tage eingeplant und unsere F\u00e4hre f\u00fcr die R\u00fcckreise vorzeitig gebucht haben. Aber wir sind lernf\u00e4hig. Das n\u00e4chste Mal bleiben wir sicher l\u00e4nger. In Marokko hat es uns ausgezeichnet gefallen. Wir haben wundersch\u00f6ne Landschaften gesehen und Tolles erlebt. Wir sind mehrheitlich auf aufgeschlossene und freundliche Menschen gestossen. Wir haben nichts wirklich Negatives erlebt und f\u00fchlten uns nie bedroht. Wir wurden nie \u00fcbers Ohr gehauen und hatten auch nie das Gef\u00fchl, dass wir Touristenpreise bezahlen mussten. Mulmige Gef\u00fchle hatten wir einzig hin und da im Strassenverkehr in den St\u00e4dten. Wir hatten wieder einmal Wettergl\u00fcck und konnten viel Sonne tanken und angenehme Temperaturen geniessen. Marokko ist ein wundersch\u00f6nes Reiseland, das enorm viel bietet und das wir nur weiterempfehlen k\u00f6nnen. Klar, es ist bei Weitem nicht alles so sauber und so geordnet wie in der Schweiz. Wer aber offen und neugierig ist, wird in Marokko sehr viel Sch\u00f6nes erleben. Wir kommen mit Sicherheit wieder. Vorerst werden wir nun aber unsere Andalusienreise fortsetzen, bis wir am 20. M\u00e4rz f\u00fcr zwei Wochen in die Schweiz zur\u00fcckkehren.<\/p>\n","protected":false},"excerpt":{"rendered":"<p>5. M\u00e4rz 2025 \/ Marokko \/ Tanger Med \/ Hafen von F\u00e4hre aus Der Himmel weint. Und uns ist es irgendwie auch danach zumute. Denn unsere Marokkoreise ist nun zu Ende. Schade, dass wir nur dreissig Tage eingeplant und unsere F\u00e4hre f\u00fcr die R\u00fcckreise vorzeitig gebucht haben. Aber wir sind lernf\u00e4hig. Das n\u00e4chste Mal bleiben &hellip; <a href=\"https:\/\/hopo.ch\/?p=3732\" class=\"more-link\"><span class=\"screen-reader-text\">Au revoir, Maroc<\/span> weiterlesen<\/a><\/p>\n","protected":false},"author":1,"featured_media":0,"comment_status":"open","ping_status":"open","sticky":false,"template":"","format":"standard","meta":{"_jetpack_memberships_contains_paid_content":false,"footnotes":""},"categories":[793],"tags":[922,64,16,794,921],"class_list":["post-3732","post","type-post","status-publish","format-standard","hentry","category-2025a-marokko","tag-hafen-von-faehre-aus","tag-hopo","tag-kurt-gfeller","tag-marokko","tag-tanger-med"],"jetpack_featured_media_url":"","jetpack_sharing_enabled":true,"_links":{"self":[{"href":"https:\/\/hopo.ch\/index.php?rest_route=\/wp\/v2\/posts\/3732","targetHints":{"allow":["GET"]}}],"collection":[{"href":"https:\/\/hopo.ch\/index.php?rest_route=\/wp\/v2\/posts"}],"about":[{"href":"https:\/\/hopo.ch\/index.php?rest_route=\/wp\/v2\/types\/post"}],"author":[{"embeddable":true,"href":"https:\/\/hopo.ch\/index.php?rest_route=\/wp\/v2\/users\/1"}],"replies":[{"embeddable":true,"href":"https:\/\/hopo.ch\/index.php?rest_route=%2Fwp%2Fv2%2Fcomments&post=3732"}],"version-history":[{"count":1,"href":"https:\/\/hopo.ch\/index.php?rest_route=\/wp\/v2\/posts\/3732\/revisions"}],"predecessor-version":[{"id":3735,"href":"https:\/\/hopo.ch\/index.php?rest_route=\/wp\/v2\/posts\/3732\/revisions\/3735"}],"wp:attachment":[{"href":"https:\/\/hopo.ch\/index.php?rest_route=%2Fwp%2Fv2%2Fmedia&parent=3732"}],"wp:term":[{"taxonomy":"category","embeddable":true,"href":"https:\/\/hopo.ch\/index.php?rest_route=%2Fwp%2Fv2%2Fcategories&post=3732"},{"taxonomy":"post_tag","embeddable":true,"href":"https:\/\/hopo.ch\/index.php?rest_route=%2Fwp%2Fv2%2Ftags&post=3732"}],"curies":[{"name":"wp","href":"https:\/\/api.w.org\/{rel}","templated":true}]}}