{"id":3725,"date":"2025-03-04T22:16:04","date_gmt":"2025-03-04T20:16:04","guid":{"rendered":"https:\/\/hopo.ch\/?p=3725"},"modified":"2025-03-04T22:16:35","modified_gmt":"2025-03-04T20:16:35","slug":"schutz-vor-boesen-blicken","status":"publish","type":"post","link":"https:\/\/hopo.ch\/?p=3725","title":{"rendered":"Schutz vor b\u00f6sen Blicken"},"content":{"rendered":"\n<figure class=\"wp-block-image size-large\"><img loading=\"lazy\" decoding=\"async\" width=\"1024\" height=\"648\" src=\"https:\/\/hopo.ch\/wp-content\/uploads\/2025\/03\/2025-03-04c-Chefchaouen-Blaue-Gebaeude-in-der-Medina-1024x648.jpg\" alt=\"\" class=\"wp-image-3726\" srcset=\"https:\/\/hopo.ch\/wp-content\/uploads\/2025\/03\/2025-03-04c-Chefchaouen-Blaue-Gebaeude-in-der-Medina-1024x648.jpg 1024w, https:\/\/hopo.ch\/wp-content\/uploads\/2025\/03\/2025-03-04c-Chefchaouen-Blaue-Gebaeude-in-der-Medina-300x190.jpg 300w, https:\/\/hopo.ch\/wp-content\/uploads\/2025\/03\/2025-03-04c-Chefchaouen-Blaue-Gebaeude-in-der-Medina-768x486.jpg 768w, https:\/\/hopo.ch\/wp-content\/uploads\/2025\/03\/2025-03-04c-Chefchaouen-Blaue-Gebaeude-in-der-Medina.jpg 1213w\" sizes=\"auto, (max-width: 1024px) 100vw, 1024px\" \/><\/figure>\n\n\n<div class=\"wp-block-image\">\n<figure class=\"alignleft size-full is-resized\"><img loading=\"lazy\" decoding=\"async\" width=\"443\" height=\"353\" src=\"https:\/\/hopo.ch\/wp-content\/uploads\/2025\/03\/000-Flagge-Marokko-10.jpg\" alt=\"\" class=\"wp-image-3727\" style=\"width:70px\" srcset=\"https:\/\/hopo.ch\/wp-content\/uploads\/2025\/03\/000-Flagge-Marokko-10.jpg 443w, https:\/\/hopo.ch\/wp-content\/uploads\/2025\/03\/000-Flagge-Marokko-10-300x239.jpg 300w\" sizes=\"auto, (max-width: 443px) 100vw, 443px\" \/><\/figure>\n<\/div>\n\n\n<p class=\"has-medium-font-size\">4. M\u00e4rz 2025 \/ Marokko \/ Chefchaouen \/ Blaue Geb\u00e4ude in der Medina<\/p>\n\n\n\n<p class=\"has-small-font-size\">Die blaue Farbe zieht sich in der Medina von Chefchaouen grossfl\u00e4chig durch. Nicht nur Fassaden, T\u00fcren, Fenster und Fensterl\u00e4den sind blau, sondern auch Treppen, B\u00f6den und Steine. Gem\u00e4ss islamischem Glauben soll die blaue Farbe vor b\u00f6sen Blicken sch\u00fctzen. Weiter soll sie die Altstadt im heissen Sommer etwas k\u00fchler halten und sogar M\u00fccken abschrecken. Der blaue Anstrich hilft aber sicher auch dem lokalen Tourismus, werden doch von allen gr\u00f6sseren marokkanischen Zentren aus Busreisen in die blaue Stadt angeboten.<\/p>\n\n\n\n<p><\/p>\n","protected":false},"excerpt":{"rendered":"<p>4. M\u00e4rz 2025 \/ Marokko \/ Chefchaouen \/ Blaue Geb\u00e4ude in der Medina Die blaue Farbe zieht sich in der Medina von Chefchaouen grossfl\u00e4chig durch. Nicht nur Fassaden, T\u00fcren, Fenster und Fensterl\u00e4den sind blau, sondern auch Treppen, B\u00f6den und Steine. Gem\u00e4ss islamischem Glauben soll die blaue Farbe vor b\u00f6sen Blicken sch\u00fctzen. Weiter soll sie die &hellip; <a href=\"https:\/\/hopo.ch\/?p=3725\" class=\"more-link\"><span class=\"screen-reader-text\">Schutz vor b\u00f6sen Blicken<\/span> weiterlesen<\/a><\/p>\n","protected":false},"author":1,"featured_media":0,"comment_status":"open","ping_status":"open","sticky":false,"template":"","format":"standard","meta":{"_jetpack_memberships_contains_paid_content":false,"footnotes":""},"categories":[793],"tags":[920,919,64,16,794],"class_list":["post-3725","post","type-post","status-publish","format-standard","hentry","category-2025a-marokko","tag-blaue-gebaeude-in-der-medina","tag-chefchaouen","tag-hopo","tag-kurt-gfeller","tag-marokko"],"jetpack_featured_media_url":"","jetpack_sharing_enabled":true,"_links":{"self":[{"href":"https:\/\/hopo.ch\/index.php?rest_route=\/wp\/v2\/posts\/3725","targetHints":{"allow":["GET"]}}],"collection":[{"href":"https:\/\/hopo.ch\/index.php?rest_route=\/wp\/v2\/posts"}],"about":[{"href":"https:\/\/hopo.ch\/index.php?rest_route=\/wp\/v2\/types\/post"}],"author":[{"embeddable":true,"href":"https:\/\/hopo.ch\/index.php?rest_route=\/wp\/v2\/users\/1"}],"replies":[{"embeddable":true,"href":"https:\/\/hopo.ch\/index.php?rest_route=%2Fwp%2Fv2%2Fcomments&post=3725"}],"version-history":[{"count":1,"href":"https:\/\/hopo.ch\/index.php?rest_route=\/wp\/v2\/posts\/3725\/revisions"}],"predecessor-version":[{"id":3728,"href":"https:\/\/hopo.ch\/index.php?rest_route=\/wp\/v2\/posts\/3725\/revisions\/3728"}],"wp:attachment":[{"href":"https:\/\/hopo.ch\/index.php?rest_route=%2Fwp%2Fv2%2Fmedia&parent=3725"}],"wp:term":[{"taxonomy":"category","embeddable":true,"href":"https:\/\/hopo.ch\/index.php?rest_route=%2Fwp%2Fv2%2Fcategories&post=3725"},{"taxonomy":"post_tag","embeddable":true,"href":"https:\/\/hopo.ch\/index.php?rest_route=%2Fwp%2Fv2%2Ftags&post=3725"}],"curies":[{"name":"wp","href":"https:\/\/api.w.org\/{rel}","templated":true}]}}