{"id":3182,"date":"2025-02-01T20:58:58","date_gmt":"2025-02-01T18:58:58","guid":{"rendered":"https:\/\/hopo.ch\/?p=3182"},"modified":"2025-02-01T20:59:39","modified_gmt":"2025-02-01T18:59:39","slug":"ronda","status":"publish","type":"post","link":"https:\/\/hopo.ch\/?p=3182","title":{"rendered":"Ronda"},"content":{"rendered":"\n<figure class=\"wp-block-image size-large\"><img loading=\"lazy\" decoding=\"async\" width=\"1024\" height=\"521\" src=\"https:\/\/hopo.ch\/wp-content\/uploads\/2025\/02\/2025-02-01a-Ronda-Altstadt-von-Westen-her-1024x521.jpg\" alt=\"\" class=\"wp-image-3183\" srcset=\"https:\/\/hopo.ch\/wp-content\/uploads\/2025\/02\/2025-02-01a-Ronda-Altstadt-von-Westen-her-1024x521.jpg 1024w, https:\/\/hopo.ch\/wp-content\/uploads\/2025\/02\/2025-02-01a-Ronda-Altstadt-von-Westen-her-300x153.jpg 300w, https:\/\/hopo.ch\/wp-content\/uploads\/2025\/02\/2025-02-01a-Ronda-Altstadt-von-Westen-her-768x391.jpg 768w, https:\/\/hopo.ch\/wp-content\/uploads\/2025\/02\/2025-02-01a-Ronda-Altstadt-von-Westen-her.jpg 1510w\" sizes=\"auto, (max-width: 1024px) 100vw, 1024px\" \/><\/figure>\n\n\n<div class=\"wp-block-image\">\n<figure class=\"alignleft size-full is-resized\"><img loading=\"lazy\" decoding=\"async\" width=\"445\" height=\"356\" src=\"https:\/\/hopo.ch\/wp-content\/uploads\/2025\/02\/000-Flagge-Spanien.jpg\" alt=\"\" class=\"wp-image-3184\" style=\"width:70px\" srcset=\"https:\/\/hopo.ch\/wp-content\/uploads\/2025\/02\/000-Flagge-Spanien.jpg 445w, https:\/\/hopo.ch\/wp-content\/uploads\/2025\/02\/000-Flagge-Spanien-300x240.jpg 300w\" sizes=\"auto, (max-width: 445px) 100vw, 445px\" \/><\/figure>\n<\/div>\n\n\n<p class=\"has-medium-font-size\">1. Februar 2025 \/ Spanien \/ Ronda \/ Altstadt von Westen her<br><\/p>\n\n\n\n<p class=\"has-small-font-size\">Das Wettergl\u00fcck ist uns weiterhin hold. Angesagt war eher bew\u00f6lktes Wetter, angetroffen haben wir Sonne pur. Daf\u00fcr war es eher k\u00fchl mit einer Maximaltemperatur von 13 Grad. Ronda liegt auf \u00fcber 700 Meter H\u00f6he in einer h\u00fcgligen Landschaft, was uns sowohl eine sch\u00f6ne Hin- als auch Wegfahrt beschert hat. Zusammen mit Sevilla, C\u00f3rdoba und Granada geh\u00f6rt Ronda zu den touristischen Topdestinationen Andalusiens. Entsprechend gross war heute der Besucherandrang. Nun wissen wir es definitiv: die Chinesen reisen wieder. Und das in Scharen. Aber wer will ihnen das ver\u00fcbeln. Sie ahmen uns ja bloss nach.<\/p>\n\n\n\n<p><\/p>\n","protected":false},"excerpt":{"rendered":"<p>1. Februar 2025 \/ Spanien \/ Ronda \/ Altstadt von Westen her Das Wettergl\u00fcck ist uns weiterhin hold. Angesagt war eher bew\u00f6lktes Wetter, angetroffen haben wir Sonne pur. Daf\u00fcr war es eher k\u00fchl mit einer Maximaltemperatur von 13 Grad. Ronda liegt auf \u00fcber 700 Meter H\u00f6he in einer h\u00fcgligen Landschaft, was uns sowohl eine sch\u00f6ne &hellip; <a href=\"https:\/\/hopo.ch\/?p=3182\" class=\"more-link\"><span class=\"screen-reader-text\">Ronda<\/span> weiterlesen<\/a><\/p>\n","protected":false},"author":1,"featured_media":0,"comment_status":"open","ping_status":"open","sticky":false,"template":"","format":"standard","meta":{"_jetpack_memberships_contains_paid_content":false,"footnotes":""},"categories":[778],"tags":[788,64,16,787,506],"class_list":["post-3182","post","type-post","status-publish","format-standard","hentry","category-2025b-andalusien","tag-altstadt-von-westen-her","tag-hopo","tag-kurt-gfeller","tag-ronda","tag-spanien"],"jetpack_featured_media_url":"","jetpack_sharing_enabled":true,"_links":{"self":[{"href":"https:\/\/hopo.ch\/index.php?rest_route=\/wp\/v2\/posts\/3182","targetHints":{"allow":["GET"]}}],"collection":[{"href":"https:\/\/hopo.ch\/index.php?rest_route=\/wp\/v2\/posts"}],"about":[{"href":"https:\/\/hopo.ch\/index.php?rest_route=\/wp\/v2\/types\/post"}],"author":[{"embeddable":true,"href":"https:\/\/hopo.ch\/index.php?rest_route=\/wp\/v2\/users\/1"}],"replies":[{"embeddable":true,"href":"https:\/\/hopo.ch\/index.php?rest_route=%2Fwp%2Fv2%2Fcomments&post=3182"}],"version-history":[{"count":1,"href":"https:\/\/hopo.ch\/index.php?rest_route=\/wp\/v2\/posts\/3182\/revisions"}],"predecessor-version":[{"id":3185,"href":"https:\/\/hopo.ch\/index.php?rest_route=\/wp\/v2\/posts\/3182\/revisions\/3185"}],"wp:attachment":[{"href":"https:\/\/hopo.ch\/index.php?rest_route=%2Fwp%2Fv2%2Fmedia&parent=3182"}],"wp:term":[{"taxonomy":"category","embeddable":true,"href":"https:\/\/hopo.ch\/index.php?rest_route=%2Fwp%2Fv2%2Fcategories&post=3182"},{"taxonomy":"post_tag","embeddable":true,"href":"https:\/\/hopo.ch\/index.php?rest_route=%2Fwp%2Fv2%2Ftags&post=3182"}],"curies":[{"name":"wp","href":"https:\/\/api.w.org\/{rel}","templated":true}]}}