{"id":3159,"date":"2025-01-31T21:33:31","date_gmt":"2025-01-31T19:33:31","guid":{"rendered":"https:\/\/hopo.ch\/?p=3159"},"modified":"2025-01-31T21:34:25","modified_gmt":"2025-01-31T19:34:25","slug":"naturpark-el-torcal","status":"publish","type":"post","link":"https:\/\/hopo.ch\/?p=3159","title":{"rendered":"Naturpark El Torcal"},"content":{"rendered":"\n<figure class=\"wp-block-image size-large\"><img loading=\"lazy\" decoding=\"async\" width=\"1024\" height=\"679\" src=\"https:\/\/hopo.ch\/wp-content\/uploads\/2025\/01\/2025-01-31a-El-Torcal-Naturpark-Monumento-Natural-1024x679.jpg\" alt=\"\" class=\"wp-image-3160\" srcset=\"https:\/\/hopo.ch\/wp-content\/uploads\/2025\/01\/2025-01-31a-El-Torcal-Naturpark-Monumento-Natural-1024x679.jpg 1024w, https:\/\/hopo.ch\/wp-content\/uploads\/2025\/01\/2025-01-31a-El-Torcal-Naturpark-Monumento-Natural-300x199.jpg 300w, https:\/\/hopo.ch\/wp-content\/uploads\/2025\/01\/2025-01-31a-El-Torcal-Naturpark-Monumento-Natural-768x509.jpg 768w, https:\/\/hopo.ch\/wp-content\/uploads\/2025\/01\/2025-01-31a-El-Torcal-Naturpark-Monumento-Natural.jpg 1159w\" sizes=\"auto, (max-width: 1024px) 100vw, 1024px\" \/><\/figure>\n\n\n<div class=\"wp-block-image\">\n<figure class=\"alignleft size-full is-resized\"><img loading=\"lazy\" decoding=\"async\" width=\"445\" height=\"356\" src=\"https:\/\/hopo.ch\/wp-content\/uploads\/2025\/01\/000-Flagge-Spanien-74.jpg\" alt=\"\" class=\"wp-image-3161\" style=\"width:70px\" srcset=\"https:\/\/hopo.ch\/wp-content\/uploads\/2025\/01\/000-Flagge-Spanien-74.jpg 445w, https:\/\/hopo.ch\/wp-content\/uploads\/2025\/01\/000-Flagge-Spanien-74-300x240.jpg 300w\" sizes=\"auto, (max-width: 445px) 100vw, 445px\" \/><\/figure>\n<\/div>\n\n\n<p class=\"has-medium-font-size\">31. Januar 2025 \/ Spanien \/ Naturpark El Torcal \/ Monumento Natural<\/p>\n\n\n\n<p class=\"has-small-font-size\">Bei prachtvollem Wetter haben wir heute Vormittag eine Wanderung durch den Naturpark El Torcal s\u00fcdlich von Antequera unternommen. Der Paraje Natural Torcal de Antequera, so sei offizieller Name, befindet sich auf gut 1&#8217;200 Meter H\u00f6he. Entsprechend kalt war es heute. Die Pf\u00fctzen auf den Wanderwegen (ein \u00dcberbleibsel von den ergiebigen Niederschl\u00e4gen vom Mittwoch) waren mit einer d\u00fcnnen Eisschicht bedeckt. Dazu kam noch ein kalter Wind. Aber es war wundersch\u00f6n. Das 1&#8217;171 Hektaren grosse Naturschutzgebiet ist gespickt mit aussergew\u00f6hnlichen Karstformationen. Der Park, der vor bald hundert Jahren zu einem Naturschutzgebiet von nationalem Interesse erkl\u00e4rt wurde, geh\u00f6rt zu den beeindruckendsten Landschaften Spaniens.<\/p>\n","protected":false},"excerpt":{"rendered":"<p>31. Januar 2025 \/ Spanien \/ Naturpark El Torcal \/ Monumento Natural Bei prachtvollem Wetter haben wir heute Vormittag eine Wanderung durch den Naturpark El Torcal s\u00fcdlich von Antequera unternommen. Der Paraje Natural Torcal de Antequera, so sei offizieller Name, befindet sich auf gut 1&#8217;200 Meter H\u00f6he. Entsprechend kalt war es heute. Die Pf\u00fctzen auf &hellip; <a href=\"https:\/\/hopo.ch\/?p=3159\" class=\"more-link\"><span class=\"screen-reader-text\">Naturpark El Torcal<\/span> weiterlesen<\/a><\/p>\n","protected":false},"author":1,"featured_media":0,"comment_status":"open","ping_status":"open","sticky":false,"template":"","format":"standard","meta":{"_jetpack_memberships_contains_paid_content":false,"footnotes":""},"categories":[778],"tags":[64,16,783,782,506],"class_list":["post-3159","post","type-post","status-publish","format-standard","hentry","category-2025b-andalusien","tag-hopo","tag-kurt-gfeller","tag-monumento-natural","tag-naturpark-el-torcal","tag-spanien"],"jetpack_featured_media_url":"","jetpack_sharing_enabled":true,"_links":{"self":[{"href":"https:\/\/hopo.ch\/index.php?rest_route=\/wp\/v2\/posts\/3159","targetHints":{"allow":["GET"]}}],"collection":[{"href":"https:\/\/hopo.ch\/index.php?rest_route=\/wp\/v2\/posts"}],"about":[{"href":"https:\/\/hopo.ch\/index.php?rest_route=\/wp\/v2\/types\/post"}],"author":[{"embeddable":true,"href":"https:\/\/hopo.ch\/index.php?rest_route=\/wp\/v2\/users\/1"}],"replies":[{"embeddable":true,"href":"https:\/\/hopo.ch\/index.php?rest_route=%2Fwp%2Fv2%2Fcomments&post=3159"}],"version-history":[{"count":1,"href":"https:\/\/hopo.ch\/index.php?rest_route=\/wp\/v2\/posts\/3159\/revisions"}],"predecessor-version":[{"id":3162,"href":"https:\/\/hopo.ch\/index.php?rest_route=\/wp\/v2\/posts\/3159\/revisions\/3162"}],"wp:attachment":[{"href":"https:\/\/hopo.ch\/index.php?rest_route=%2Fwp%2Fv2%2Fmedia&parent=3159"}],"wp:term":[{"taxonomy":"category","embeddable":true,"href":"https:\/\/hopo.ch\/index.php?rest_route=%2Fwp%2Fv2%2Fcategories&post=3159"},{"taxonomy":"post_tag","embeddable":true,"href":"https:\/\/hopo.ch\/index.php?rest_route=%2Fwp%2Fv2%2Ftags&post=3159"}],"curies":[{"name":"wp","href":"https:\/\/api.w.org\/{rel}","templated":true}]}}