{"id":3148,"date":"2025-01-30T21:26:50","date_gmt":"2025-01-30T19:26:50","guid":{"rendered":"https:\/\/hopo.ch\/?p=3148"},"modified":"2025-01-30T21:27:28","modified_gmt":"2025-01-30T19:27:28","slug":"andalusien-ist-vorerst-nur-zwischenstation","status":"publish","type":"post","link":"https:\/\/hopo.ch\/?p=3148","title":{"rendered":"Andalusien ist vorerst nur Zwischenstation"},"content":{"rendered":"\n<figure class=\"wp-block-image size-large\"><img loading=\"lazy\" decoding=\"async\" width=\"1024\" height=\"731\" src=\"https:\/\/hopo.ch\/wp-content\/uploads\/2025\/01\/2025-01-30b-Malaga-Plaza-de-la-Merced-1024x731.jpg\" alt=\"\" class=\"wp-image-3149\" srcset=\"https:\/\/hopo.ch\/wp-content\/uploads\/2025\/01\/2025-01-30b-Malaga-Plaza-de-la-Merced-1024x731.jpg 1024w, https:\/\/hopo.ch\/wp-content\/uploads\/2025\/01\/2025-01-30b-Malaga-Plaza-de-la-Merced-300x214.jpg 300w, https:\/\/hopo.ch\/wp-content\/uploads\/2025\/01\/2025-01-30b-Malaga-Plaza-de-la-Merced-768x548.jpg 768w, https:\/\/hopo.ch\/wp-content\/uploads\/2025\/01\/2025-01-30b-Malaga-Plaza-de-la-Merced.jpg 1076w\" sizes=\"auto, (max-width: 1024px) 100vw, 1024px\" \/><\/figure>\n\n\n<div class=\"wp-block-image\">\n<figure class=\"alignleft size-full is-resized\"><img loading=\"lazy\" decoding=\"async\" width=\"445\" height=\"356\" src=\"https:\/\/hopo.ch\/wp-content\/uploads\/2025\/01\/000-Flagge-Spanien-72.jpg\" alt=\"\" class=\"wp-image-3150\" style=\"width:70px\" srcset=\"https:\/\/hopo.ch\/wp-content\/uploads\/2025\/01\/000-Flagge-Spanien-72.jpg 445w, https:\/\/hopo.ch\/wp-content\/uploads\/2025\/01\/000-Flagge-Spanien-72-300x240.jpg 300w\" sizes=\"auto, (max-width: 445px) 100vw, 445px\" \/><\/figure>\n<\/div>\n\n\n<p class=\"has-medium-font-size\">30. Januar 2025 \/ Spanien \/ M\u00e1laga \/ Plaza de la Merced<br><\/p>\n\n\n\n<p class=\"has-small-font-size\">Wir haben im Sinn, Hopos Wunsch nach einem Abstecher nach Marokko zu entsprechen und bleiben daher erst einmal nur f\u00fcr kurze Zeit in Andalusien. Bereits am Montag Mittag geht&#8217;s von Algeciras aus mit der F\u00e4hre r\u00fcber nach Marokko. Wir werden dort dreissig Tage bleiben und uns erst im Anschluss Andalusien genauer anschauen. In Marokko waren wir bereits zweimal mit einem Mietwagen unterwegs. Das Land hat uns sehr gut gefallen und wir sind gespannt, wie es ist, dort per Camper unterwegs zu sein. Vorerst geniessen wir aber noch ein paar wenige Tage an der spanischen Sonne. Diese ist zur\u00fcckgekehrt und hat uns heute einen sch\u00f6nen Tag beschert. Noch nicht wolkenfrei. Aber doch deutlich sonniger und w\u00e4rmer (bis 16 Grad) als in der Schweiz.<\/p>\n\n\n\n<p><\/p>\n","protected":false},"excerpt":{"rendered":"<p>30. Januar 2025 \/ Spanien \/ M\u00e1laga \/ Plaza de la Merced Wir haben im Sinn, Hopos Wunsch nach einem Abstecher nach Marokko zu entsprechen und bleiben daher erst einmal nur f\u00fcr kurze Zeit in Andalusien. Bereits am Montag Mittag geht&#8217;s von Algeciras aus mit der F\u00e4hre r\u00fcber nach Marokko. Wir werden dort dreissig Tage &hellip; <a href=\"https:\/\/hopo.ch\/?p=3148\" class=\"more-link\"><span class=\"screen-reader-text\">Andalusien ist vorerst nur Zwischenstation<\/span> weiterlesen<\/a><\/p>\n","protected":false},"author":1,"featured_media":0,"comment_status":"open","ping_status":"open","sticky":false,"template":"","format":"standard","meta":{"_jetpack_memberships_contains_paid_content":false,"footnotes":""},"categories":[778],"tags":[64,16,660,780,506],"class_list":["post-3148","post","type-post","status-publish","format-standard","hentry","category-2025b-andalusien","tag-hopo","tag-kurt-gfeller","tag-malaga","tag-plaza-de-la-merced","tag-spanien"],"jetpack_featured_media_url":"","jetpack_sharing_enabled":true,"_links":{"self":[{"href":"https:\/\/hopo.ch\/index.php?rest_route=\/wp\/v2\/posts\/3148","targetHints":{"allow":["GET"]}}],"collection":[{"href":"https:\/\/hopo.ch\/index.php?rest_route=\/wp\/v2\/posts"}],"about":[{"href":"https:\/\/hopo.ch\/index.php?rest_route=\/wp\/v2\/types\/post"}],"author":[{"embeddable":true,"href":"https:\/\/hopo.ch\/index.php?rest_route=\/wp\/v2\/users\/1"}],"replies":[{"embeddable":true,"href":"https:\/\/hopo.ch\/index.php?rest_route=%2Fwp%2Fv2%2Fcomments&post=3148"}],"version-history":[{"count":1,"href":"https:\/\/hopo.ch\/index.php?rest_route=\/wp\/v2\/posts\/3148\/revisions"}],"predecessor-version":[{"id":3151,"href":"https:\/\/hopo.ch\/index.php?rest_route=\/wp\/v2\/posts\/3148\/revisions\/3151"}],"wp:attachment":[{"href":"https:\/\/hopo.ch\/index.php?rest_route=%2Fwp%2Fv2%2Fmedia&parent=3148"}],"wp:term":[{"taxonomy":"category","embeddable":true,"href":"https:\/\/hopo.ch\/index.php?rest_route=%2Fwp%2Fv2%2Fcategories&post=3148"},{"taxonomy":"post_tag","embeddable":true,"href":"https:\/\/hopo.ch\/index.php?rest_route=%2Fwp%2Fv2%2Ftags&post=3148"}],"curies":[{"name":"wp","href":"https:\/\/api.w.org\/{rel}","templated":true}]}}