{"id":3104,"date":"2025-01-21T22:43:06","date_gmt":"2025-01-21T20:43:06","guid":{"rendered":"https:\/\/hopo.ch\/?p=3104"},"modified":"2025-01-21T22:43:48","modified_gmt":"2025-01-21T20:43:48","slug":"gruenes-tal","status":"publish","type":"post","link":"https:\/\/hopo.ch\/?p=3104","title":{"rendered":"Gr\u00fcnes Tal"},"content":{"rendered":"\n<figure class=\"wp-block-image size-large\"><img loading=\"lazy\" decoding=\"async\" width=\"1024\" height=\"688\" src=\"https:\/\/hopo.ch\/wp-content\/uploads\/2025\/01\/2025-01-21b-Almogia-Landschaft-1024x688.jpg\" alt=\"\" class=\"wp-image-3105\" srcset=\"https:\/\/hopo.ch\/wp-content\/uploads\/2025\/01\/2025-01-21b-Almogia-Landschaft-1024x688.jpg 1024w, https:\/\/hopo.ch\/wp-content\/uploads\/2025\/01\/2025-01-21b-Almogia-Landschaft-300x202.jpg 300w, https:\/\/hopo.ch\/wp-content\/uploads\/2025\/01\/2025-01-21b-Almogia-Landschaft-768x516.jpg 768w, https:\/\/hopo.ch\/wp-content\/uploads\/2025\/01\/2025-01-21b-Almogia-Landschaft.jpg 1143w\" sizes=\"auto, (max-width: 1024px) 100vw, 1024px\" \/><\/figure>\n\n\n<div class=\"wp-block-image\">\n<figure class=\"alignleft size-full is-resized\"><img loading=\"lazy\" decoding=\"async\" width=\"445\" height=\"356\" src=\"https:\/\/hopo.ch\/wp-content\/uploads\/2025\/01\/000-Flagge-Spanien-69.jpg\" alt=\"\" class=\"wp-image-3106\" style=\"width:70px\" srcset=\"https:\/\/hopo.ch\/wp-content\/uploads\/2025\/01\/000-Flagge-Spanien-69.jpg 445w, https:\/\/hopo.ch\/wp-content\/uploads\/2025\/01\/000-Flagge-Spanien-69-300x240.jpg 300w\" sizes=\"auto, (max-width: 445px) 100vw, 445px\" \/><\/figure>\n<\/div>\n\n\n<p class=\"has-medium-font-size\">21. Januar 2025 \/ Spanien \/ Almogia \/ Landschaft<br><\/p>\n\n\n\n<p class=\"has-small-font-size\">Gestern Nachmittag und die halbe Nacht hindurch hat es geregnet. Ich gehe davon aus, dass das der Grund daf\u00fcr ist, dass sich die Landschaft heute speziell gr\u00fcn pr\u00e4sentiert hat. Die Fahrt von M\u00e1laga aus hinauf zum Paraja Natural Torcal de Antequera hat mir sehr gut gefallen. Die meiste Zeit \u00fcber war ich auf Nebenstrassen ohne viel Verkehr unterwegs. Und das in einer wirklich pr\u00e4chtigen Landschaft. Wegen dem steten Auf und Ab wurden meine Beine nochmals so richtig gefordert. Die Anstrengung hat sich aber gelohnt. Die heutige Etappe war eine der sch\u00f6nsten auf meiner ganzen Tour.<\/p>\n","protected":false},"excerpt":{"rendered":"<p>21. Januar 2025 \/ Spanien \/ Almogia \/ Landschaft Gestern Nachmittag und die halbe Nacht hindurch hat es geregnet. Ich gehe davon aus, dass das der Grund daf\u00fcr ist, dass sich die Landschaft heute speziell gr\u00fcn pr\u00e4sentiert hat. Die Fahrt von M\u00e1laga aus hinauf zum Paraja Natural Torcal de Antequera hat mir sehr gut gefallen. &hellip; <a href=\"https:\/\/hopo.ch\/?p=3104\" class=\"more-link\"><span class=\"screen-reader-text\">Gr\u00fcnes Tal<\/span> weiterlesen<\/a><\/p>\n","protected":false},"author":1,"featured_media":0,"comment_status":"open","ping_status":"open","sticky":false,"template":"","format":"standard","meta":{"_jetpack_memberships_contains_paid_content":false,"footnotes":""},"categories":[499],"tags":[774,64,16,302,506],"class_list":["post-3104","post","type-post","status-publish","format-standard","hentry","category-2024a-iberien","tag-almogia","tag-hopo","tag-kurt-gfeller","tag-landschaft","tag-spanien"],"jetpack_featured_media_url":"","jetpack_sharing_enabled":true,"_links":{"self":[{"href":"https:\/\/hopo.ch\/index.php?rest_route=\/wp\/v2\/posts\/3104","targetHints":{"allow":["GET"]}}],"collection":[{"href":"https:\/\/hopo.ch\/index.php?rest_route=\/wp\/v2\/posts"}],"about":[{"href":"https:\/\/hopo.ch\/index.php?rest_route=\/wp\/v2\/types\/post"}],"author":[{"embeddable":true,"href":"https:\/\/hopo.ch\/index.php?rest_route=\/wp\/v2\/users\/1"}],"replies":[{"embeddable":true,"href":"https:\/\/hopo.ch\/index.php?rest_route=%2Fwp%2Fv2%2Fcomments&post=3104"}],"version-history":[{"count":1,"href":"https:\/\/hopo.ch\/index.php?rest_route=\/wp\/v2\/posts\/3104\/revisions"}],"predecessor-version":[{"id":3107,"href":"https:\/\/hopo.ch\/index.php?rest_route=\/wp\/v2\/posts\/3104\/revisions\/3107"}],"wp:attachment":[{"href":"https:\/\/hopo.ch\/index.php?rest_route=%2Fwp%2Fv2%2Fmedia&parent=3104"}],"wp:term":[{"taxonomy":"category","embeddable":true,"href":"https:\/\/hopo.ch\/index.php?rest_route=%2Fwp%2Fv2%2Fcategories&post=3104"},{"taxonomy":"post_tag","embeddable":true,"href":"https:\/\/hopo.ch\/index.php?rest_route=%2Fwp%2Fv2%2Ftags&post=3104"}],"curies":[{"name":"wp","href":"https:\/\/api.w.org\/{rel}","templated":true}]}}