{"id":3100,"date":"2025-01-21T22:39:01","date_gmt":"2025-01-21T20:39:01","guid":{"rendered":"https:\/\/hopo.ch\/?p=3100"},"modified":"2025-01-21T22:39:46","modified_gmt":"2025-01-21T20:39:46","slug":"bluetenpracht-in-den-bergen","status":"publish","type":"post","link":"https:\/\/hopo.ch\/?p=3100","title":{"rendered":"Bl\u00fctenpracht in den Bergen"},"content":{"rendered":"\n<figure class=\"wp-block-image size-large\"><img loading=\"lazy\" decoding=\"async\" width=\"1024\" height=\"633\" src=\"https:\/\/hopo.ch\/wp-content\/uploads\/2025\/01\/2025-01-21a-Villanueva-de-la-Concepcion-Bluehende-Baeume-1024x633.jpg\" alt=\"\" class=\"wp-image-3101\" srcset=\"https:\/\/hopo.ch\/wp-content\/uploads\/2025\/01\/2025-01-21a-Villanueva-de-la-Concepcion-Bluehende-Baeume-1024x633.jpg 1024w, https:\/\/hopo.ch\/wp-content\/uploads\/2025\/01\/2025-01-21a-Villanueva-de-la-Concepcion-Bluehende-Baeume-300x186.jpg 300w, https:\/\/hopo.ch\/wp-content\/uploads\/2025\/01\/2025-01-21a-Villanueva-de-la-Concepcion-Bluehende-Baeume-768x475.jpg 768w, https:\/\/hopo.ch\/wp-content\/uploads\/2025\/01\/2025-01-21a-Villanueva-de-la-Concepcion-Bluehende-Baeume-825x510.jpg 825w, https:\/\/hopo.ch\/wp-content\/uploads\/2025\/01\/2025-01-21a-Villanueva-de-la-Concepcion-Bluehende-Baeume.jpg 1242w\" sizes=\"auto, (max-width: 1024px) 100vw, 1024px\" \/><\/figure>\n\n\n<div class=\"wp-block-image\">\n<figure class=\"alignleft size-full is-resized\"><img loading=\"lazy\" decoding=\"async\" width=\"445\" height=\"356\" src=\"https:\/\/hopo.ch\/wp-content\/uploads\/2025\/01\/000-Flagge-Spanien-68.jpg\" alt=\"\" class=\"wp-image-3102\" style=\"width:70px\" srcset=\"https:\/\/hopo.ch\/wp-content\/uploads\/2025\/01\/000-Flagge-Spanien-68.jpg 445w, https:\/\/hopo.ch\/wp-content\/uploads\/2025\/01\/000-Flagge-Spanien-68-300x240.jpg 300w\" sizes=\"auto, (max-width: 445px) 100vw, 445px\" \/><\/figure>\n<\/div>\n\n\n<p class=\"has-medium-font-size\">21. Januar 2025 \/ Spanien \/ Villanueva de la Concepci\u00f3n \/ Bl\u00fchende B\u00e4ume<\/p>\n\n\n\n<p class=\"has-small-font-size\">Bei etwas w\u00e4rmerem und angenehmerem Wetter bin ich von Malaga her nochmals zum Naturpark &#8222;El Torcal&#8220; hochgefahren. Da es immer noch ordentlich bew\u00f6lkt ist und ich noch einen happigen R\u00fcckweg vor mir habe, verzichte ich darauf, tiefer in den Park hineinzufahren. Stattdessen erfreue ich mich ob der vielen B\u00e4ume, die hier mitten im Winter bl\u00fchen. Die bl\u00fchenden B\u00e4ume sind ab einer H\u00f6he von rund 700 Metern anzutreffen. Ich gehe davon aus, dass die Blust in tieferen Lagen bereits vorbei ist.<\/p>\n\n\n\n<p><\/p>\n","protected":false},"excerpt":{"rendered":"<p>21. Januar 2025 \/ Spanien \/ Villanueva de la Concepci\u00f3n \/ Bl\u00fchende B\u00e4ume Bei etwas w\u00e4rmerem und angenehmerem Wetter bin ich von Malaga her nochmals zum Naturpark &#8222;El Torcal&#8220; hochgefahren. Da es immer noch ordentlich bew\u00f6lkt ist und ich noch einen happigen R\u00fcckweg vor mir habe, verzichte ich darauf, tiefer in den Park hineinzufahren. Stattdessen &hellip; <a href=\"https:\/\/hopo.ch\/?p=3100\" class=\"more-link\"><span class=\"screen-reader-text\">Bl\u00fctenpracht in den Bergen<\/span> weiterlesen<\/a><\/p>\n","protected":false},"author":1,"featured_media":0,"comment_status":"open","ping_status":"open","sticky":false,"template":"","format":"standard","meta":{"_jetpack_memberships_contains_paid_content":false,"footnotes":""},"categories":[499],"tags":[773,64,16,506,772],"class_list":["post-3100","post","type-post","status-publish","format-standard","hentry","category-2024a-iberien","tag-bluehende-baeume","tag-hopo","tag-kurt-gfeller","tag-spanien","tag-villanueva-de-la-concepcion"],"jetpack_featured_media_url":"","jetpack_sharing_enabled":true,"_links":{"self":[{"href":"https:\/\/hopo.ch\/index.php?rest_route=\/wp\/v2\/posts\/3100","targetHints":{"allow":["GET"]}}],"collection":[{"href":"https:\/\/hopo.ch\/index.php?rest_route=\/wp\/v2\/posts"}],"about":[{"href":"https:\/\/hopo.ch\/index.php?rest_route=\/wp\/v2\/types\/post"}],"author":[{"embeddable":true,"href":"https:\/\/hopo.ch\/index.php?rest_route=\/wp\/v2\/users\/1"}],"replies":[{"embeddable":true,"href":"https:\/\/hopo.ch\/index.php?rest_route=%2Fwp%2Fv2%2Fcomments&post=3100"}],"version-history":[{"count":1,"href":"https:\/\/hopo.ch\/index.php?rest_route=\/wp\/v2\/posts\/3100\/revisions"}],"predecessor-version":[{"id":3103,"href":"https:\/\/hopo.ch\/index.php?rest_route=\/wp\/v2\/posts\/3100\/revisions\/3103"}],"wp:attachment":[{"href":"https:\/\/hopo.ch\/index.php?rest_route=%2Fwp%2Fv2%2Fmedia&parent=3100"}],"wp:term":[{"taxonomy":"category","embeddable":true,"href":"https:\/\/hopo.ch\/index.php?rest_route=%2Fwp%2Fv2%2Fcategories&post=3100"},{"taxonomy":"post_tag","embeddable":true,"href":"https:\/\/hopo.ch\/index.php?rest_route=%2Fwp%2Fv2%2Ftags&post=3100"}],"curies":[{"name":"wp","href":"https:\/\/api.w.org\/{rel}","templated":true}]}}