{"id":3094,"date":"2025-01-20T18:50:17","date_gmt":"2025-01-20T16:50:17","guid":{"rendered":"https:\/\/hopo.ch\/?p=3094"},"modified":"2025-01-20T18:50:52","modified_gmt":"2025-01-20T16:50:52","slug":"ab-in-die-berge","status":"publish","type":"post","link":"https:\/\/hopo.ch\/?p=3094","title":{"rendered":"Ab in die Berge"},"content":{"rendered":"\n<figure class=\"wp-block-image size-large\"><img loading=\"lazy\" decoding=\"async\" width=\"1024\" height=\"698\" src=\"https:\/\/hopo.ch\/wp-content\/uploads\/2025\/01\/2025-01-20b-Antequera-Paraja-Natural-Torcal-de-Antequera-1024x698.jpg\" alt=\"\" class=\"wp-image-3095\" srcset=\"https:\/\/hopo.ch\/wp-content\/uploads\/2025\/01\/2025-01-20b-Antequera-Paraja-Natural-Torcal-de-Antequera-1024x698.jpg 1024w, https:\/\/hopo.ch\/wp-content\/uploads\/2025\/01\/2025-01-20b-Antequera-Paraja-Natural-Torcal-de-Antequera-300x204.jpg 300w, https:\/\/hopo.ch\/wp-content\/uploads\/2025\/01\/2025-01-20b-Antequera-Paraja-Natural-Torcal-de-Antequera-768x523.jpg 768w, https:\/\/hopo.ch\/wp-content\/uploads\/2025\/01\/2025-01-20b-Antequera-Paraja-Natural-Torcal-de-Antequera.jpg 1127w\" sizes=\"auto, (max-width: 1024px) 100vw, 1024px\" \/><\/figure>\n\n\n<div class=\"wp-block-image\">\n<figure class=\"alignleft size-full is-resized\"><img loading=\"lazy\" decoding=\"async\" width=\"445\" height=\"356\" src=\"https:\/\/hopo.ch\/wp-content\/uploads\/2025\/01\/000-Flagge-Spanien-67.jpg\" alt=\"\" class=\"wp-image-3096\" style=\"width:70px\" srcset=\"https:\/\/hopo.ch\/wp-content\/uploads\/2025\/01\/000-Flagge-Spanien-67.jpg 445w, https:\/\/hopo.ch\/wp-content\/uploads\/2025\/01\/000-Flagge-Spanien-67-300x240.jpg 300w\" sizes=\"auto, (max-width: 445px) 100vw, 445px\" \/><\/figure>\n<\/div>\n\n\n<p class=\"has-medium-font-size\">20. Januar 2025 \/ Spanien \/ Antequera \/ Paraja Natural Torcal de Antequera<\/p>\n\n\n\n<p class=\"has-small-font-size\">S\u00fcdlich von Antequera erstreckt sich auf einer Fl\u00e4che von 1&#8217;171 Hektaren der Naturpark El Torcal. Mit seinen speziellen Karstformationen geh\u00f6rt der Park zu den eindr\u00fccklichsten Landschaften Spaniens. Die eigentliche Einfahrt in den Park, bis zu der ich heute gefahren bin, liegt auf gut 950 Metern H\u00f6he. An meinem zweitletzten Tag habe ich damit den h\u00f6chsten Punkt meiner Spanientour erreicht. Von einer fr\u00fcheren Reise her weiss ich, wie beeindruckend die Landschaft bei sch\u00f6nem Wetter aussieht. Das hat heute nicht sein sollen. Aber morgen fahre ich nochmals von S\u00fcden her hier hinauf. Laut Prognosen sollte es dann etwas freundlicher aussehen. Schauen wir mal.<\/p>\n","protected":false},"excerpt":{"rendered":"<p>20. Januar 2025 \/ Spanien \/ Antequera \/ Paraja Natural Torcal de Antequera S\u00fcdlich von Antequera erstreckt sich auf einer Fl\u00e4che von 1&#8217;171 Hektaren der Naturpark El Torcal. Mit seinen speziellen Karstformationen geh\u00f6rt der Park zu den eindr\u00fccklichsten Landschaften Spaniens. Die eigentliche Einfahrt in den Park, bis zu der ich heute gefahren bin, liegt auf &hellip; <a href=\"https:\/\/hopo.ch\/?p=3094\" class=\"more-link\"><span class=\"screen-reader-text\">Ab in die Berge<\/span> weiterlesen<\/a><\/p>\n","protected":false},"author":1,"featured_media":0,"comment_status":"open","ping_status":"open","sticky":false,"template":"","format":"standard","meta":{"_jetpack_memberships_contains_paid_content":false,"footnotes":""},"categories":[499],"tags":[770,64,16,771,506],"class_list":["post-3094","post","type-post","status-publish","format-standard","hentry","category-2024a-iberien","tag-antequera","tag-hopo","tag-kurt-gfeller","tag-paraja-natural-torcal-de-antequera","tag-spanien"],"jetpack_featured_media_url":"","jetpack_sharing_enabled":true,"_links":{"self":[{"href":"https:\/\/hopo.ch\/index.php?rest_route=\/wp\/v2\/posts\/3094","targetHints":{"allow":["GET"]}}],"collection":[{"href":"https:\/\/hopo.ch\/index.php?rest_route=\/wp\/v2\/posts"}],"about":[{"href":"https:\/\/hopo.ch\/index.php?rest_route=\/wp\/v2\/types\/post"}],"author":[{"embeddable":true,"href":"https:\/\/hopo.ch\/index.php?rest_route=\/wp\/v2\/users\/1"}],"replies":[{"embeddable":true,"href":"https:\/\/hopo.ch\/index.php?rest_route=%2Fwp%2Fv2%2Fcomments&post=3094"}],"version-history":[{"count":1,"href":"https:\/\/hopo.ch\/index.php?rest_route=\/wp\/v2\/posts\/3094\/revisions"}],"predecessor-version":[{"id":3097,"href":"https:\/\/hopo.ch\/index.php?rest_route=\/wp\/v2\/posts\/3094\/revisions\/3097"}],"wp:attachment":[{"href":"https:\/\/hopo.ch\/index.php?rest_route=%2Fwp%2Fv2%2Fmedia&parent=3094"}],"wp:term":[{"taxonomy":"category","embeddable":true,"href":"https:\/\/hopo.ch\/index.php?rest_route=%2Fwp%2Fv2%2Fcategories&post=3094"},{"taxonomy":"post_tag","embeddable":true,"href":"https:\/\/hopo.ch\/index.php?rest_route=%2Fwp%2Fv2%2Ftags&post=3094"}],"curies":[{"name":"wp","href":"https:\/\/api.w.org\/{rel}","templated":true}]}}