{"id":3089,"date":"2025-01-20T18:47:00","date_gmt":"2025-01-20T16:47:00","guid":{"rendered":"https:\/\/hopo.ch\/?p=3089"},"modified":"2025-01-20T18:48:19","modified_gmt":"2025-01-20T16:48:19","slug":"antequera","status":"publish","type":"post","link":"https:\/\/hopo.ch\/?p=3089","title":{"rendered":"Antequera"},"content":{"rendered":"\n<figure class=\"wp-block-image size-large\"><img loading=\"lazy\" decoding=\"async\" width=\"1024\" height=\"686\" src=\"https:\/\/hopo.ch\/wp-content\/uploads\/2025\/01\/2025-01-20a-Antequera-Altstadt-von-der-Calle-del-Colegio-aus-1024x686.jpg\" alt=\"\" class=\"wp-image-3090\" srcset=\"https:\/\/hopo.ch\/wp-content\/uploads\/2025\/01\/2025-01-20a-Antequera-Altstadt-von-der-Calle-del-Colegio-aus-1024x686.jpg 1024w, https:\/\/hopo.ch\/wp-content\/uploads\/2025\/01\/2025-01-20a-Antequera-Altstadt-von-der-Calle-del-Colegio-aus-300x201.jpg 300w, https:\/\/hopo.ch\/wp-content\/uploads\/2025\/01\/2025-01-20a-Antequera-Altstadt-von-der-Calle-del-Colegio-aus-768x514.jpg 768w, https:\/\/hopo.ch\/wp-content\/uploads\/2025\/01\/2025-01-20a-Antequera-Altstadt-von-der-Calle-del-Colegio-aus.jpg 1147w\" sizes=\"auto, (max-width: 1024px) 100vw, 1024px\" \/><\/figure>\n\n\n<div class=\"wp-block-image\">\n<figure class=\"alignleft size-full is-resized\"><img loading=\"lazy\" decoding=\"async\" width=\"445\" height=\"356\" src=\"https:\/\/hopo.ch\/wp-content\/uploads\/2025\/01\/000-Flagge-Spanien-66.jpg\" alt=\"\" class=\"wp-image-3091\" style=\"width:70px\" srcset=\"https:\/\/hopo.ch\/wp-content\/uploads\/2025\/01\/000-Flagge-Spanien-66.jpg 445w, https:\/\/hopo.ch\/wp-content\/uploads\/2025\/01\/000-Flagge-Spanien-66-300x240.jpg 300w\" sizes=\"auto, (max-width: 445px) 100vw, 445px\" \/><\/figure>\n<\/div>\n\n\n<p class=\"has-medium-font-size\">20. Januar 2025 \/ Spanien \/ Antequera \/ Altstadt<br><\/p>\n\n\n\n<p class=\"has-small-font-size\">Ich habe die Provinz C\u00f3rdoba verlassen und bin in Antequera angekommen. Die Stadt mit gut 40&#8217;000 Einwohnern geh\u00f6rt bereits zur Provinz M\u00e1laga. Antequera tr\u00e4gt seit dem Mittelalter wegen seiner kulturellen und geschichtlichen Bedeutung und wegen seiner geographischen Lage an wichtigen Verbindungswegen den Beinamen &#8222;Das Herz Andalusiens&#8220;. Antequera besitzt eine sch\u00f6ne Altstadt, ein Besuch ist sehr lohnenswert. \u00dcberragt wird die Altstadt von einer Burg, die auf r\u00f6mischen Fundamenten errichtet wurde. Weiter gibt es einige imposante und wichtige Kirchen sowie interessante Museen. Eine tolle Stadt, selbst bei tr\u00fcbem Wetter.<\/p>\n","protected":false},"excerpt":{"rendered":"<p>20. Januar 2025 \/ Spanien \/ Antequera \/ Altstadt Ich habe die Provinz C\u00f3rdoba verlassen und bin in Antequera angekommen. Die Stadt mit gut 40&#8217;000 Einwohnern geh\u00f6rt bereits zur Provinz M\u00e1laga. Antequera tr\u00e4gt seit dem Mittelalter wegen seiner kulturellen und geschichtlichen Bedeutung und wegen seiner geographischen Lage an wichtigen Verbindungswegen den Beinamen &#8222;Das Herz Andalusiens&#8220;. &hellip; <a href=\"https:\/\/hopo.ch\/?p=3089\" class=\"more-link\"><span class=\"screen-reader-text\">Antequera<\/span> weiterlesen<\/a><\/p>\n","protected":false},"author":1,"featured_media":0,"comment_status":"open","ping_status":"open","sticky":false,"template":"","format":"standard","meta":{"_jetpack_memberships_contains_paid_content":false,"footnotes":""},"categories":[499],"tags":[268,770,64,16,506],"class_list":["post-3089","post","type-post","status-publish","format-standard","hentry","category-2024a-iberien","tag-altstadt","tag-antequera","tag-hopo","tag-kurt-gfeller","tag-spanien"],"jetpack_featured_media_url":"","jetpack_sharing_enabled":true,"_links":{"self":[{"href":"https:\/\/hopo.ch\/index.php?rest_route=\/wp\/v2\/posts\/3089","targetHints":{"allow":["GET"]}}],"collection":[{"href":"https:\/\/hopo.ch\/index.php?rest_route=\/wp\/v2\/posts"}],"about":[{"href":"https:\/\/hopo.ch\/index.php?rest_route=\/wp\/v2\/types\/post"}],"author":[{"embeddable":true,"href":"https:\/\/hopo.ch\/index.php?rest_route=\/wp\/v2\/users\/1"}],"replies":[{"embeddable":true,"href":"https:\/\/hopo.ch\/index.php?rest_route=%2Fwp%2Fv2%2Fcomments&post=3089"}],"version-history":[{"count":1,"href":"https:\/\/hopo.ch\/index.php?rest_route=\/wp\/v2\/posts\/3089\/revisions"}],"predecessor-version":[{"id":3092,"href":"https:\/\/hopo.ch\/index.php?rest_route=\/wp\/v2\/posts\/3089\/revisions\/3092"}],"wp:attachment":[{"href":"https:\/\/hopo.ch\/index.php?rest_route=%2Fwp%2Fv2%2Fmedia&parent=3089"}],"wp:term":[{"taxonomy":"category","embeddable":true,"href":"https:\/\/hopo.ch\/index.php?rest_route=%2Fwp%2Fv2%2Fcategories&post=3089"},{"taxonomy":"post_tag","embeddable":true,"href":"https:\/\/hopo.ch\/index.php?rest_route=%2Fwp%2Fv2%2Ftags&post=3089"}],"curies":[{"name":"wp","href":"https:\/\/api.w.org\/{rel}","templated":true}]}}