{"id":3083,"date":"2025-01-19T22:29:31","date_gmt":"2025-01-19T20:29:31","guid":{"rendered":"https:\/\/hopo.ch\/?p=3083"},"modified":"2025-01-19T22:30:14","modified_gmt":"2025-01-19T20:30:14","slug":"lucena","status":"publish","type":"post","link":"https:\/\/hopo.ch\/?p=3083","title":{"rendered":"Lucena"},"content":{"rendered":"\n<figure class=\"wp-block-image size-large\"><img loading=\"lazy\" decoding=\"async\" width=\"1024\" height=\"680\" src=\"https:\/\/hopo.ch\/wp-content\/uploads\/2025\/01\/2025-01-19b-Lucena-Castillo-del-Moral-1024x680.jpg\" alt=\"\" class=\"wp-image-3084\" srcset=\"https:\/\/hopo.ch\/wp-content\/uploads\/2025\/01\/2025-01-19b-Lucena-Castillo-del-Moral-1024x680.jpg 1024w, https:\/\/hopo.ch\/wp-content\/uploads\/2025\/01\/2025-01-19b-Lucena-Castillo-del-Moral-300x199.jpg 300w, https:\/\/hopo.ch\/wp-content\/uploads\/2025\/01\/2025-01-19b-Lucena-Castillo-del-Moral-768x510.jpg 768w, https:\/\/hopo.ch\/wp-content\/uploads\/2025\/01\/2025-01-19b-Lucena-Castillo-del-Moral.jpg 1156w\" sizes=\"auto, (max-width: 1024px) 100vw, 1024px\" \/><\/figure>\n\n\n<div class=\"wp-block-image\">\n<figure class=\"alignleft size-full is-resized\"><img loading=\"lazy\" decoding=\"async\" width=\"445\" height=\"356\" src=\"https:\/\/hopo.ch\/wp-content\/uploads\/2025\/01\/000-Flagge-Spanien-65.jpg\" alt=\"\" class=\"wp-image-3085\" style=\"width:70px\" srcset=\"https:\/\/hopo.ch\/wp-content\/uploads\/2025\/01\/000-Flagge-Spanien-65.jpg 445w, https:\/\/hopo.ch\/wp-content\/uploads\/2025\/01\/000-Flagge-Spanien-65-300x240.jpg 300w\" sizes=\"auto, (max-width: 445px) 100vw, 445px\" \/><\/figure>\n<\/div>\n\n\n<p class=\"has-medium-font-size\">19. Januar 2025 \/ Spanien \/ Lucena \/ Castillo del Moral<br><\/p>\n\n\n\n<p class=\"has-small-font-size\">Nach sieben herrlichen Sonnentagen sind heute erstmals wieder Wolken aufgezogen, Zuerst nur harmlose Schleierwolken, am sp\u00e4teren Nachmittag dann dickere, dunkle Wolken. In Lucena sah es noch recht gut aus. Lucena z\u00e4hlt \u00fcber 40&#8217;000 Einwohner und ist damit die zweitgr\u00f6sste Stadt in der Provinz C\u00f3rdoba. Im Gegensatz zu vielen anderen andalusischen St\u00e4dten und D\u00f6rfern ist Lucena nicht an einem H\u00fcgel erbaut worden, sondern in einer leichten Senke. Bevor man in die Stadt reinfahren kann muss man aber von allen Seiten her stattliche Anstiege \u00fcberwinden. Da kommt man selbst bei eher k\u00fchleren Temperaturen von knapp 15 Grad ordentlich ins Schwitzen.<\/p>\n","protected":false},"excerpt":{"rendered":"<p>19. Januar 2025 \/ Spanien \/ Lucena \/ Castillo del Moral Nach sieben herrlichen Sonnentagen sind heute erstmals wieder Wolken aufgezogen, Zuerst nur harmlose Schleierwolken, am sp\u00e4teren Nachmittag dann dickere, dunkle Wolken. In Lucena sah es noch recht gut aus. Lucena z\u00e4hlt \u00fcber 40&#8217;000 Einwohner und ist damit die zweitgr\u00f6sste Stadt in der Provinz C\u00f3rdoba. &hellip; <a href=\"https:\/\/hopo.ch\/?p=3083\" class=\"more-link\"><span class=\"screen-reader-text\">Lucena<\/span> weiterlesen<\/a><\/p>\n","protected":false},"author":1,"featured_media":0,"comment_status":"open","ping_status":"open","sticky":false,"template":"","format":"standard","meta":{"_jetpack_memberships_contains_paid_content":false,"footnotes":""},"categories":[499],"tags":[769,64,16,768,506],"class_list":["post-3083","post","type-post","status-publish","format-standard","hentry","category-2024a-iberien","tag-castillo-del-moral","tag-hopo","tag-kurt-gfeller","tag-lucena","tag-spanien"],"jetpack_featured_media_url":"","jetpack_sharing_enabled":true,"_links":{"self":[{"href":"https:\/\/hopo.ch\/index.php?rest_route=\/wp\/v2\/posts\/3083","targetHints":{"allow":["GET"]}}],"collection":[{"href":"https:\/\/hopo.ch\/index.php?rest_route=\/wp\/v2\/posts"}],"about":[{"href":"https:\/\/hopo.ch\/index.php?rest_route=\/wp\/v2\/types\/post"}],"author":[{"embeddable":true,"href":"https:\/\/hopo.ch\/index.php?rest_route=\/wp\/v2\/users\/1"}],"replies":[{"embeddable":true,"href":"https:\/\/hopo.ch\/index.php?rest_route=%2Fwp%2Fv2%2Fcomments&post=3083"}],"version-history":[{"count":1,"href":"https:\/\/hopo.ch\/index.php?rest_route=\/wp\/v2\/posts\/3083\/revisions"}],"predecessor-version":[{"id":3086,"href":"https:\/\/hopo.ch\/index.php?rest_route=\/wp\/v2\/posts\/3083\/revisions\/3086"}],"wp:attachment":[{"href":"https:\/\/hopo.ch\/index.php?rest_route=%2Fwp%2Fv2%2Fmedia&parent=3083"}],"wp:term":[{"taxonomy":"category","embeddable":true,"href":"https:\/\/hopo.ch\/index.php?rest_route=%2Fwp%2Fv2%2Fcategories&post=3083"},{"taxonomy":"post_tag","embeddable":true,"href":"https:\/\/hopo.ch\/index.php?rest_route=%2Fwp%2Fv2%2Ftags&post=3083"}],"curies":[{"name":"wp","href":"https:\/\/api.w.org\/{rel}","templated":true}]}}