{"id":2192,"date":"2024-11-13T23:22:30","date_gmt":"2024-11-13T21:22:30","guid":{"rendered":"https:\/\/hopo.ch\/?p=2192"},"modified":"2024-11-13T23:23:14","modified_gmt":"2024-11-13T21:23:14","slug":"rom-monumento-nazionale-a-vittorio-emanuele-ii","status":"publish","type":"post","link":"https:\/\/hopo.ch\/?p=2192","title":{"rendered":"Rom &#8211; Monumento nazionale a Vittorio Emanuele II"},"content":{"rendered":"\n<figure class=\"wp-block-image size-large\"><img loading=\"lazy\" decoding=\"async\" width=\"1024\" height=\"580\" src=\"https:\/\/hopo.ch\/wp-content\/uploads\/2024\/11\/2024-11-13c-Rom-Monumento-nazionale-a-Vittorio-Emanuele-II-Aussicht-1024x580.jpg\" alt=\"\" class=\"wp-image-2193\" srcset=\"https:\/\/hopo.ch\/wp-content\/uploads\/2024\/11\/2024-11-13c-Rom-Monumento-nazionale-a-Vittorio-Emanuele-II-Aussicht-1024x580.jpg 1024w, https:\/\/hopo.ch\/wp-content\/uploads\/2024\/11\/2024-11-13c-Rom-Monumento-nazionale-a-Vittorio-Emanuele-II-Aussicht-300x170.jpg 300w, https:\/\/hopo.ch\/wp-content\/uploads\/2024\/11\/2024-11-13c-Rom-Monumento-nazionale-a-Vittorio-Emanuele-II-Aussicht-768x435.jpg 768w, https:\/\/hopo.ch\/wp-content\/uploads\/2024\/11\/2024-11-13c-Rom-Monumento-nazionale-a-Vittorio-Emanuele-II-Aussicht.jpg 1356w\" sizes=\"auto, (max-width: 1024px) 100vw, 1024px\" \/><\/figure>\n\n\n<div class=\"wp-block-image\">\n<figure class=\"alignleft size-full is-resized\"><img loading=\"lazy\" decoding=\"async\" width=\"447\" height=\"351\" src=\"https:\/\/hopo.ch\/wp-content\/uploads\/2024\/11\/000-Flagge-Italien-43.jpg\" alt=\"\" class=\"wp-image-2194\" style=\"width:70px\" srcset=\"https:\/\/hopo.ch\/wp-content\/uploads\/2024\/11\/000-Flagge-Italien-43.jpg 447w, https:\/\/hopo.ch\/wp-content\/uploads\/2024\/11\/000-Flagge-Italien-43-300x236.jpg 300w\" sizes=\"auto, (max-width: 447px) 100vw, 447px\" \/><\/figure>\n<\/div>\n\n\n<p class=\"has-medium-font-size\">13. November 2024 \/ Italien \/ Rom \/ Monumento nazionale a Vittorio Emanuele II<\/p>\n\n\n\n<p class=\"has-small-font-size\">Im Zentrum des antiken Roms, direkt beim Kapitol, steht das Monumento nazionale a Vittorio Emanuele II, das erst vor knapp hundert Jahren vollendet wurde. Ein imposanter Bau, den die R\u00f6mer wegen seiner Bauform angeblich auch sp\u00f6ttisch als Schreibmaschine bezeichnen sollen. Von den obersten Ebenen aus hat man eine pr\u00e4chtige Aussicht auf das Zentrum Roms. Ob die M\u00f6wen wegen der Aussicht hier sind oder anderes im Schilde f\u00fchren, entzieht sich meiner Kenntnis.<\/p>\n","protected":false},"excerpt":{"rendered":"<p>13. November 2024 \/ Italien \/ Rom \/ Monumento nazionale a Vittorio Emanuele II Im Zentrum des antiken Roms, direkt beim Kapitol, steht das Monumento nazionale a Vittorio Emanuele II, das erst vor knapp hundert Jahren vollendet wurde. Ein imposanter Bau, den die R\u00f6mer wegen seiner Bauform angeblich auch sp\u00f6ttisch als Schreibmaschine bezeichnen sollen. Von &hellip; <a href=\"https:\/\/hopo.ch\/?p=2192\" class=\"more-link\"><span class=\"screen-reader-text\">Rom &#8211; Monumento nazionale a Vittorio Emanuele II<\/span> weiterlesen<\/a><\/p>\n","protected":false},"author":1,"featured_media":0,"comment_status":"open","ping_status":"open","sticky":false,"template":"","format":"standard","meta":{"_jetpack_memberships_contains_paid_content":false,"footnotes":""},"categories":[412],"tags":[64,413,16,486,483],"class_list":["post-2192","post","type-post","status-publish","format-standard","hentry","category-2024b-italien","tag-hopo","tag-italien","tag-kurt-gfeller","tag-monumento-nazionale-a-vittorio-emanuele-ii","tag-rom"],"jetpack_featured_media_url":"","jetpack_sharing_enabled":true,"_links":{"self":[{"href":"https:\/\/hopo.ch\/index.php?rest_route=\/wp\/v2\/posts\/2192","targetHints":{"allow":["GET"]}}],"collection":[{"href":"https:\/\/hopo.ch\/index.php?rest_route=\/wp\/v2\/posts"}],"about":[{"href":"https:\/\/hopo.ch\/index.php?rest_route=\/wp\/v2\/types\/post"}],"author":[{"embeddable":true,"href":"https:\/\/hopo.ch\/index.php?rest_route=\/wp\/v2\/users\/1"}],"replies":[{"embeddable":true,"href":"https:\/\/hopo.ch\/index.php?rest_route=%2Fwp%2Fv2%2Fcomments&post=2192"}],"version-history":[{"count":1,"href":"https:\/\/hopo.ch\/index.php?rest_route=\/wp\/v2\/posts\/2192\/revisions"}],"predecessor-version":[{"id":2195,"href":"https:\/\/hopo.ch\/index.php?rest_route=\/wp\/v2\/posts\/2192\/revisions\/2195"}],"wp:attachment":[{"href":"https:\/\/hopo.ch\/index.php?rest_route=%2Fwp%2Fv2%2Fmedia&parent=2192"}],"wp:term":[{"taxonomy":"category","embeddable":true,"href":"https:\/\/hopo.ch\/index.php?rest_route=%2Fwp%2Fv2%2Fcategories&post=2192"},{"taxonomy":"post_tag","embeddable":true,"href":"https:\/\/hopo.ch\/index.php?rest_route=%2Fwp%2Fv2%2Ftags&post=2192"}],"curies":[{"name":"wp","href":"https:\/\/api.w.org\/{rel}","templated":true}]}}